{"id":15953,"date":"2019-03-06T10:43:15","date_gmt":"2019-03-06T15:43:15","guid":{"rendered":"https:\/\/www.imtbike.com\/?p=15953"},"modified":"2019-03-14T06:50:07","modified_gmt":"2019-03-14T10:50:07","slug":"o-meu-primeiro-tour-por-peter","status":"publish","type":"post","link":"https:\/\/www.imtbike.com\/pt-br\/blog\/o-meu-primeiro-tour-por-peter\/","title":{"rendered":"O meu primeiro Tour por Peter."},"content":{"rendered":"<p>Peter, em duas semanas come\u00e7a o tour em moto Andalicia &amp; Sul de Portugal, voc\u00ea gostaria de dirigir o carro de apoio?\u201d, recebi essa mensagem via Whattsapp no Albergue Ali El Cojo, localizado em Mergouza. Um para\u00edso para a pr\u00e1tica de esportes off-road e a cidade da grande duna Erg Chebbi. Tinha acabado de descer da moto e ainda levava aquele grande sorriso de quem teve um grande dia pilotando por estradas perfeitas. Uma semana antes conversei com Scott sobre uma possivel colabora\u00e7\u00e3o com a IMTBIKE. Claro que minha resposta era um \u201cSim\u201d, n\u00e3o tinha a menor d\u00favida de que deveria participar.<\/p>\n<p>E duas semanas mais tarde estaba sentado ao volante da van dando voltas com Shelley pelo zigzag da famosa \u201cCarretera de la Cabra\u201d, entre Almu\u00f1ecar e Granada. Na nossa frente, guiados por meu companheiro Sergi, Jim, o marido de Shelley e outros riders serpenteando pelas curvas. Pela esquerda e pela direita alternavam entre profundos despenhadeiros e as grandes montanhas.<a href=\"https:\/\/www.imtbike.com\/be\/wp-content\/uploads\/2019\/03\/foto1.jpg\" rel=\"attachment wp-att-15829\"><img decoding=\"async\" loading=\"lazy\" class=\"alignnone size-full wp-image-15829\" src=\"https:\/\/www.imtbike.com\/be\/wp-content\/uploads\/2019\/03\/foto1.jpg\" alt=\"Portugal &amp; Southern Spain Motorcycle tour\" width=\"300\" height=\"300\" srcset=\"https:\/\/www.imtbike.com\/be\/wp-content\/uploads\/2019\/03\/foto1.jpg 300w, https:\/\/www.imtbike.com\/be\/wp-content\/uploads\/2019\/03\/foto1-150x150.jpg 150w\" sizes=\"(max-width: 300px) 100vw, 300px\" \/><\/a> <a href=\"https:\/\/www.imtbike.com\/be\/wp-content\/uploads\/2019\/03\/foto2.jpg\" rel=\"attachment wp-att-15830\"><img decoding=\"async\" loading=\"lazy\" class=\"alignnone size-full wp-image-15830\" src=\"https:\/\/www.imtbike.com\/be\/wp-content\/uploads\/2019\/03\/foto2.jpg\" alt=\"Portugal &amp; Southern Spain Motorcycle tour\" width=\"300\" height=\"300\" srcset=\"https:\/\/www.imtbike.com\/be\/wp-content\/uploads\/2019\/03\/foto2.jpg 300w, https:\/\/www.imtbike.com\/be\/wp-content\/uploads\/2019\/03\/foto2-150x150.jpg 150w\" sizes=\"(max-width: 300px) 100vw, 300px\" \/><\/a><\/p>\n<p><a href=\"https:\/\/www.imtbike.com\/be\/wp-content\/uploads\/2019\/03\/Foto3.jpg\" rel=\"attachment wp-att-15831\"><img decoding=\"async\" loading=\"lazy\" class=\"alignnone size-full wp-image-15831\" src=\"https:\/\/www.imtbike.com\/be\/wp-content\/uploads\/2019\/03\/Foto3.jpg\" alt=\"Portugal &amp; Southern Spain Motorcycle tour\" width=\"300\" height=\"300\" srcset=\"https:\/\/www.imtbike.com\/be\/wp-content\/uploads\/2019\/03\/Foto3.jpg 300w, https:\/\/www.imtbike.com\/be\/wp-content\/uploads\/2019\/03\/Foto3-150x150.jpg 150w\" sizes=\"(max-width: 300px) 100vw, 300px\" \/><\/a> <a href=\"https:\/\/www.imtbike.com\/be\/wp-content\/uploads\/2019\/03\/foto4.jpg\" rel=\"attachment wp-att-15832\"><img decoding=\"async\" loading=\"lazy\" class=\"alignnone size-full wp-image-15832\" src=\"https:\/\/www.imtbike.com\/be\/wp-content\/uploads\/2019\/03\/foto4.jpg\" alt=\"Portugal &amp; Southern Spain Motorcycle tour\" width=\"300\" height=\"300\" srcset=\"https:\/\/www.imtbike.com\/be\/wp-content\/uploads\/2019\/03\/foto4.jpg 300w, https:\/\/www.imtbike.com\/be\/wp-content\/uploads\/2019\/03\/foto4-150x150.jpg 150w\" sizes=\"(max-width: 300px) 100vw, 300px\" \/><\/a><\/p>\n<p>Finalmente estou fazendo o que queria desde muito tempo. Acompanhado pelo sol e aproveitando a grande variedade de paisagens, estou guiando riders entusiasmados pelas tranquilas e fant\u00e1sticas estradas da Espanha. Sergi n\u00e3o tinha exagerado quando nos apresentou a rota no briefing matutino.<\/p>\n<p>Come\u00e7amos muito bem com as surpresas gaston\u00f4micas do primeiro dia do tour. Nesta noite fomos ao tradicional jantar de boas vindas nas concorridas ruas de M\u00e1laga e no dia seguinte fomos presenteados com uma deliciosa paella na Praia de Nerja. Mas acompanhando os sabores da cozinha local tamb\u00e9m vinham as responsabilidades. Aten\u00e7\u00e3o! Quem tem alguma alergia? Quem \u00e9 vegetariano? Preferem agua com g\u00e1s ou sem? Quem quer que tipo de caf\u00e9?<\/p>\n<p>Isso e muito mais s\u00e3o detalhes que temos que alinhar com o gar\u00e7on. A maioria dos restaurantes que frequentamos est\u00e3o preparados e atentos a todos os detalhes, gra\u00e7as a uma extensa colabora\u00e7\u00e3o com IMTBIKE.<\/p>\n<p>Tive a sorte de fazer minha estreia com um grupo pequeno, o que facilitou a gest\u00e3o das malas dos riders que levava na van. No mais, Sergi tinha tudo sob controle. Ficava claro sua experi\u00eancia e me impressionava como trocava seus papeis frequentemente. Em um momento era o \u201crespons\u00e1vel\u201d gu\u00eda de motos e no momento seguinte era o \u201csuper divertido\u201d gu\u00eda de viagens ao lado das motos. \u00c9 um bom profesor e me explicou perfeitamente todo que temos que ter em conta durante um tour guiado. Havia muito esp\u00edrito de equipe, apesar de conhec\u00ea lo h\u00e1 poucos d\u00edas, a colabora\u00e7\u00e3o funcionava muito bem. Isso \u00e9 o importante em nossa profiss\u00e3o \u2013 empat\u00eda e aten\u00e7\u00e3o com pessoas. Assim conseguimos oferecer aos nossos clientes uma viagem inesquec\u00edvel em moto, sem dificuldades. Al\u00e9m de ter boa comida e hot\u00e9is maravilhosos, nossos clientes devem desfrutar em primeiro lugar de pilotar suas motos com prazer.<\/p>\n<p><a href=\"https:\/\/www.imtbike.com\/be\/wp-content\/uploads\/2019\/03\/Foto5.jpg\" rel=\"attachment wp-att-15833\"><img decoding=\"async\" loading=\"lazy\" class=\"alignnone size-full wp-image-15833\" src=\"https:\/\/www.imtbike.com\/be\/wp-content\/uploads\/2019\/03\/Foto5.jpg\" alt=\"Portugal &amp; Southern Spain Motorcycle tour\" width=\"300\" height=\"300\" srcset=\"https:\/\/www.imtbike.com\/be\/wp-content\/uploads\/2019\/03\/Foto5.jpg 300w, https:\/\/www.imtbike.com\/be\/wp-content\/uploads\/2019\/03\/Foto5-150x150.jpg 150w\" sizes=\"(max-width: 300px) 100vw, 300px\" \/><\/a> <a href=\"https:\/\/www.imtbike.com\/be\/wp-content\/uploads\/2019\/03\/foto6.jpg\" rel=\"attachment wp-att-15834\"><img decoding=\"async\" loading=\"lazy\" class=\"alignnone size-full wp-image-15834\" src=\"https:\/\/www.imtbike.com\/be\/wp-content\/uploads\/2019\/03\/foto6.jpg\" alt=\"Portugal &amp; Southern Spain Motorcycle tour\" width=\"300\" height=\"300\" srcset=\"https:\/\/www.imtbike.com\/be\/wp-content\/uploads\/2019\/03\/foto6.jpg 300w, https:\/\/www.imtbike.com\/be\/wp-content\/uploads\/2019\/03\/foto6-150x150.jpg 150w\" sizes=\"(max-width: 300px) 100vw, 300px\" \/><\/a><\/p>\n<p><a href=\"https:\/\/www.imtbike.com\/be\/wp-content\/uploads\/2019\/03\/Foto7.jpg\" rel=\"attachment wp-att-15835\"><img decoding=\"async\" loading=\"lazy\" class=\"alignnone size-medium wp-image-15835\" src=\"https:\/\/www.imtbike.com\/be\/wp-content\/uploads\/2019\/03\/Foto7-300x225.jpg\" alt=\"Portugal &amp; Southern Spain Motorcycle tour\" width=\"300\" height=\"225\" srcset=\"https:\/\/www.imtbike.com\/be\/wp-content\/uploads\/2019\/03\/Foto7-300x225.jpg 300w, https:\/\/www.imtbike.com\/be\/wp-content\/uploads\/2019\/03\/Foto7.jpg 400w\" sizes=\"(max-width: 300px) 100vw, 300px\" \/><\/a> <a href=\"https:\/\/www.imtbike.com\/be\/wp-content\/uploads\/2019\/03\/Foto8.jpg\" rel=\"attachment wp-att-15836\"><img decoding=\"async\" loading=\"lazy\" class=\"alignnone size-full wp-image-15836\" src=\"https:\/\/www.imtbike.com\/be\/wp-content\/uploads\/2019\/03\/Foto8.jpg\" alt=\"Portugal &amp; Southern Spain Motorcycle tour\" width=\"300\" height=\"300\" srcset=\"https:\/\/www.imtbike.com\/be\/wp-content\/uploads\/2019\/03\/Foto8.jpg 300w, https:\/\/www.imtbike.com\/be\/wp-content\/uploads\/2019\/03\/Foto8-150x150.jpg 150w\" sizes=\"(max-width: 300px) 100vw, 300px\" \/><\/a><\/p>\n<p>Normalmente entre as 16-17h e depois de 200-300km as motos chegam aos hoteis de 4-5 estrelas. Gra\u00e7as ao pr\u00e9-checkin, uma das mil coisas organizadas pelo staff do nosso escritorio em Madrid, os riders podem subir diretamente para seus apartamentos para uma boa ducha e um merecido descanso. Quando tudo vai bem, n\u00f3s, os guias, tamb\u00e9m temos um breve momento de descanso. Mas neste dia n\u00e3o, porque antes do jantar tivemos que levar a van pelas peque\u00f1as e apertadas ruas de Granada at\u00e9 o estacionamento. Al\u00e9m disso, precisava comprobar a sa\u00edda pelo centro da cidade com todas suas zonas de acesso proibido.<\/p>\n<p>O dia seguinte era um \u201crest day\u201d- dia de descanso, Joanne e Mike tinham previsto a visita \u00e0 famosa Alhambra, enquanto Shelley e Jim iam \u00e0s compras, os demais optaram por aproveitar o c\u00e9u azul para subir de moto at\u00e9 Sierra Nevada.<\/p>\n<p><a href=\"https:\/\/www.imtbike.com\/be\/wp-content\/uploads\/2019\/03\/Foto9.jpg\" rel=\"attachment wp-att-15838\"><img decoding=\"async\" loading=\"lazy\" class=\"alignnone size-medium wp-image-15838\" src=\"https:\/\/www.imtbike.com\/be\/wp-content\/uploads\/2019\/03\/Foto9-300x225.jpg\" alt=\"IMTBIKE Motorcycle tour Portugal &amp; Southern Spain\" width=\"300\" height=\"225\" srcset=\"https:\/\/www.imtbike.com\/be\/wp-content\/uploads\/2019\/03\/Foto9-300x225.jpg 300w, https:\/\/www.imtbike.com\/be\/wp-content\/uploads\/2019\/03\/Foto9.jpg 400w\" sizes=\"(max-width: 300px) 100vw, 300px\" \/><\/a> <a href=\"https:\/\/www.imtbike.com\/be\/wp-content\/uploads\/2019\/03\/Foto10.jpg\" rel=\"attachment wp-att-15839\"><img decoding=\"async\" loading=\"lazy\" class=\"alignnone size-medium wp-image-15839\" src=\"https:\/\/www.imtbike.com\/be\/wp-content\/uploads\/2019\/03\/Foto10-300x225.jpg\" alt=\"IMTBIKE Motorcycle tour Portugal &amp; Southern Spain\" width=\"300\" height=\"225\" srcset=\"https:\/\/www.imtbike.com\/be\/wp-content\/uploads\/2019\/03\/Foto10-300x225.jpg 300w, https:\/\/www.imtbike.com\/be\/wp-content\/uploads\/2019\/03\/Foto10.jpg 400w\" sizes=\"(max-width: 300px) 100vw, 300px\" \/><\/a><\/p>\n<p>Depois de Granada fomos ao chamado cora\u00e7\u00e3o da Andalucia \u2013 a cidade de Antequera. Outro dia com fant\u00e1sticas rotas entre infinitos campos de oliveiras e um visual espetacular das montanhas. A noite outro Parador nos esperava com um jantar delicioso.<\/p>\n<p><a href=\"https:\/\/www.imtbike.com\/be\/wp-content\/uploads\/2019\/03\/Foto11.jpg\" rel=\"attachment wp-att-15840\"><img decoding=\"async\" loading=\"lazy\" class=\"alignnone size-medium wp-image-15840\" src=\"https:\/\/www.imtbike.com\/be\/wp-content\/uploads\/2019\/03\/Foto11-300x225.jpg\" alt=\"IMTBIKE Motorcycle Tour Portugal &amp; Southern Spain\" width=\"300\" height=\"225\" srcset=\"https:\/\/www.imtbike.com\/be\/wp-content\/uploads\/2019\/03\/Foto11-300x225.jpg 300w, https:\/\/www.imtbike.com\/be\/wp-content\/uploads\/2019\/03\/Foto11.jpg 400w\" sizes=\"(max-width: 300px) 100vw, 300px\" \/><\/a> <a href=\"https:\/\/www.imtbike.com\/be\/wp-content\/uploads\/2019\/03\/Foto12.jpg\" rel=\"attachment wp-att-15841\"><img decoding=\"async\" loading=\"lazy\" class=\"alignnone size-medium wp-image-15841\" src=\"https:\/\/www.imtbike.com\/be\/wp-content\/uploads\/2019\/03\/Foto12-300x225.jpg\" alt=\"IMTBIKE Motorcycle Tour Portugal &amp; Southern Spain\" width=\"300\" height=\"225\" srcset=\"https:\/\/www.imtbike.com\/be\/wp-content\/uploads\/2019\/03\/Foto12-300x225.jpg 300w, https:\/\/www.imtbike.com\/be\/wp-content\/uploads\/2019\/03\/Foto12.jpg 400w\" sizes=\"(max-width: 300px) 100vw, 300px\" \/><\/a><\/p>\n<p><a href=\"https:\/\/www.imtbike.com\/be\/wp-content\/uploads\/2019\/03\/Foto13.jpg\" rel=\"attachment wp-att-15842\"><img decoding=\"async\" loading=\"lazy\" class=\"alignnone size-medium wp-image-15842\" src=\"https:\/\/www.imtbike.com\/be\/wp-content\/uploads\/2019\/03\/Foto13-300x225.jpg\" alt=\"IMTBIKE Motorcycle Tour Portugal &amp; Southern Spain\" width=\"300\" height=\"225\" srcset=\"https:\/\/www.imtbike.com\/be\/wp-content\/uploads\/2019\/03\/Foto13-300x225.jpg 300w, https:\/\/www.imtbike.com\/be\/wp-content\/uploads\/2019\/03\/Foto13.jpg 400w\" sizes=\"(max-width: 300px) 100vw, 300px\" \/><\/a> <a href=\"https:\/\/www.imtbike.com\/be\/wp-content\/uploads\/2019\/03\/Foto14.jpg\" rel=\"attachment wp-att-15843\"><img decoding=\"async\" loading=\"lazy\" class=\"alignnone size-medium wp-image-15843\" src=\"https:\/\/www.imtbike.com\/be\/wp-content\/uploads\/2019\/03\/Foto14-300x225.jpg\" alt=\"IMTBIKE Motorcycle Tour Portugal &amp; Southern Spain\" width=\"300\" height=\"225\" srcset=\"https:\/\/www.imtbike.com\/be\/wp-content\/uploads\/2019\/03\/Foto14-300x225.jpg 300w, https:\/\/www.imtbike.com\/be\/wp-content\/uploads\/2019\/03\/Foto14.jpg 400w\" sizes=\"(max-width: 300px) 100vw, 300px\" \/><\/a><\/p>\n<p>Depois de cruzar o Parque de Do\u00f1ana e pegar um antigo ferry do Rio Guadalquivir, chegamos ao Parador de Mazag\u00f3n, que nos brindou com um lindo p\u00f4r do sol sobre o mar.<\/p>\n<p><a href=\"https:\/\/www.imtbike.com\/be\/wp-content\/uploads\/2019\/03\/fOTO15.jpg\" rel=\"attachment wp-att-15844\"><img decoding=\"async\" loading=\"lazy\" class=\"alignnone size-medium wp-image-15844\" src=\"https:\/\/www.imtbike.com\/be\/wp-content\/uploads\/2019\/03\/fOTO15-300x225.jpg\" alt=\"IMBIKE Motorcycle tour Portugal &amp; Southern Spain\" width=\"300\" height=\"225\" srcset=\"https:\/\/www.imtbike.com\/be\/wp-content\/uploads\/2019\/03\/fOTO15-300x225.jpg 300w, https:\/\/www.imtbike.com\/be\/wp-content\/uploads\/2019\/03\/fOTO15.jpg 400w\" sizes=\"(max-width: 300px) 100vw, 300px\" \/><\/a> <a href=\"https:\/\/www.imtbike.com\/be\/wp-content\/uploads\/2019\/03\/Foto16.jpg\" rel=\"attachment wp-att-15845\"><img decoding=\"async\" loading=\"lazy\" class=\"alignnone size-medium wp-image-15845\" src=\"https:\/\/www.imtbike.com\/be\/wp-content\/uploads\/2019\/03\/Foto16-300x225.jpg\" alt=\"IMBIKE Motorcycle tour Portugal &amp; Southern Spain\" width=\"300\" height=\"225\" srcset=\"https:\/\/www.imtbike.com\/be\/wp-content\/uploads\/2019\/03\/Foto16-300x225.jpg 300w, https:\/\/www.imtbike.com\/be\/wp-content\/uploads\/2019\/03\/Foto16.jpg 400w\" sizes=\"(max-width: 300px) 100vw, 300px\" \/><\/a><\/p>\n<p><a href=\"https:\/\/www.imtbike.com\/be\/wp-content\/uploads\/2019\/03\/Foto17.jpg\" rel=\"attachment wp-att-15846\"><img decoding=\"async\" loading=\"lazy\" class=\"alignnone size-medium wp-image-15846\" src=\"https:\/\/www.imtbike.com\/be\/wp-content\/uploads\/2019\/03\/Foto17-300x225.jpg\" alt=\"IMBIKE Motorcycle tour Portugal &amp; Southern Spain\" width=\"300\" height=\"225\" srcset=\"https:\/\/www.imtbike.com\/be\/wp-content\/uploads\/2019\/03\/Foto17-300x225.jpg 300w, https:\/\/www.imtbike.com\/be\/wp-content\/uploads\/2019\/03\/Foto17.jpg 400w\" sizes=\"(max-width: 300px) 100vw, 300px\" \/><\/a> <a href=\"https:\/\/www.imtbike.com\/be\/wp-content\/uploads\/2019\/03\/Foto18.jpg\" rel=\"attachment wp-att-15847\"><img decoding=\"async\" loading=\"lazy\" class=\"alignnone size-medium wp-image-15847\" src=\"https:\/\/www.imtbike.com\/be\/wp-content\/uploads\/2019\/03\/Foto18-300x225.jpg\" alt=\"IMBIKE Motorcycle tour Portugal &amp; Southern Spain\" width=\"300\" height=\"225\" srcset=\"https:\/\/www.imtbike.com\/be\/wp-content\/uploads\/2019\/03\/Foto18-300x225.jpg 300w, https:\/\/www.imtbike.com\/be\/wp-content\/uploads\/2019\/03\/Foto18.jpg 400w\" sizes=\"(max-width: 300px) 100vw, 300px\" \/><\/a><\/p>\n<p>Os d\u00edas seguintes pilotamos pelas relaxantes paisagens de Portugal. Primeiro, os tranquilos altos e baixos do Algarve. Depois a rota cheia de curvas pelas colinas de Monchique, que ap\u00f3s os incendios do ver\u00e3o anterior, havia mudado completa e indefinidamente. Finalmente, seguindo as praias do atl\u00e1ntico, chegamos \u00e0 pitoresca cidade de Cascais. Durante o camino desfrutamos das magnificas vistas na costa da Serra de Arrabida. O hotel 5 estrelas de Cascais \u00e9 uma antiga vila, totalmente reformado con um estilo moderno elegante e com fant\u00e1sticas vistas do Porto N\u00e1utico. Depois de outro dia de descanso, destacado por uma gastronom\u00eda \u00e0 base de frutos do mar, nosso trajeto preparava a volta para a Espanha, incluindo as impresionantes etapas passando por \u00c9vora, Sevilla e Arcos de la Frontera. Ainda assim, as melhores rotas da viagem ainda estavam por vir!<\/p>\n<p><a href=\"https:\/\/www.imtbike.com\/be\/wp-content\/uploads\/2019\/03\/Foto19.jpg\" rel=\"attachment wp-att-15848\"><img decoding=\"async\" loading=\"lazy\" class=\"alignnone size-medium wp-image-15848\" src=\"https:\/\/www.imtbike.com\/be\/wp-content\/uploads\/2019\/03\/Foto19-300x225.jpg\" alt=\"IMTBIKE Motorcycle Tour Portugal &amp; Southern Spain\" width=\"300\" height=\"225\" srcset=\"https:\/\/www.imtbike.com\/be\/wp-content\/uploads\/2019\/03\/Foto19-300x225.jpg 300w, https:\/\/www.imtbike.com\/be\/wp-content\/uploads\/2019\/03\/Foto19.jpg 400w\" sizes=\"(max-width: 300px) 100vw, 300px\" \/><\/a> <a href=\"https:\/\/www.imtbike.com\/be\/wp-content\/uploads\/2019\/03\/Foto20.jpg\" rel=\"attachment wp-att-15849\"><img decoding=\"async\" loading=\"lazy\" class=\"alignnone size-medium wp-image-15849\" src=\"https:\/\/www.imtbike.com\/be\/wp-content\/uploads\/2019\/03\/Foto20-300x225.jpg\" alt=\"IMTBIKE Motorcycle Tour Portugal &amp; Southern Spain\" width=\"300\" height=\"225\" srcset=\"https:\/\/www.imtbike.com\/be\/wp-content\/uploads\/2019\/03\/Foto20-300x225.jpg 300w, https:\/\/www.imtbike.com\/be\/wp-content\/uploads\/2019\/03\/Foto20.jpg 400w\" sizes=\"(max-width: 300px) 100vw, 300px\" \/><\/a><\/p>\n<p>Andalucia nos reservou o melhor. Inclusive a Serra de Grazalema, zona mais chuvosa da Espanha, nos recebeu com sol, c\u00e9u azul e um dos <em>puertos<\/em> mais bonitos de Andalucia. Ficamos impressionados com as magn\u00edficas paisagens do <em>pueblo blanco<\/em> de Zahara de la Sierra e o tremendo lago ao seu lado. Por sorte, levo sempre uma c\u00e2mera comigo e fico muito feliz de poder combinar tamb\u00e9m outro de meus passatempos com esse trabalho. Tirar boas fotos inclue: adiantar com a van, encontrar uma \u00e1rea de estacionamento e correr uns cem metros para encontrar o melhor ponto para foto. \u00c0s vezes corria de volta \u00e0 van me deixava sem ar. Mas, e da\u00ed? Adoro fazer isso e sem duvida vale a pena!<\/p>\n<p><a href=\"https:\/\/www.imtbike.com\/be\/wp-content\/uploads\/2019\/03\/Foto21.jpg\" rel=\"attachment wp-att-15850\"><img decoding=\"async\" loading=\"lazy\" class=\"alignnone size-medium wp-image-15850\" src=\"https:\/\/www.imtbike.com\/be\/wp-content\/uploads\/2019\/03\/Foto21-300x225.jpg\" alt=\"IMTBIKE Motorcycle Tour Portugal &amp; Southern Spain\" width=\"300\" height=\"225\" srcset=\"https:\/\/www.imtbike.com\/be\/wp-content\/uploads\/2019\/03\/Foto21-300x225.jpg 300w, https:\/\/www.imtbike.com\/be\/wp-content\/uploads\/2019\/03\/Foto21.jpg 400w\" sizes=\"(max-width: 300px) 100vw, 300px\" \/><\/a> <a href=\"https:\/\/www.imtbike.com\/be\/wp-content\/uploads\/2019\/03\/Foto22.jpg\" rel=\"attachment wp-att-15851\"><img decoding=\"async\" loading=\"lazy\" class=\"alignnone size-medium wp-image-15851\" src=\"https:\/\/www.imtbike.com\/be\/wp-content\/uploads\/2019\/03\/Foto22-300x225.jpg\" alt=\"IMTBIKE Motorcycle Tour Portugal &amp; Southern Spain\" width=\"300\" height=\"225\" srcset=\"https:\/\/www.imtbike.com\/be\/wp-content\/uploads\/2019\/03\/Foto22-300x225.jpg 300w, https:\/\/www.imtbike.com\/be\/wp-content\/uploads\/2019\/03\/Foto22.jpg 400w\" sizes=\"(max-width: 300px) 100vw, 300px\" \/><\/a><\/p>\n<p><a href=\"https:\/\/www.imtbike.com\/be\/wp-content\/uploads\/2019\/03\/Foto23.jpg\" rel=\"attachment wp-att-15852\"><img decoding=\"async\" loading=\"lazy\" class=\"alignnone size-medium wp-image-15852\" src=\"https:\/\/www.imtbike.com\/be\/wp-content\/uploads\/2019\/03\/Foto23-300x225.jpg\" alt=\"IMTBIKE Motorcycle Tour Portugal &amp; Southern Spain\" width=\"300\" height=\"225\" srcset=\"https:\/\/www.imtbike.com\/be\/wp-content\/uploads\/2019\/03\/Foto23-300x225.jpg 300w, https:\/\/www.imtbike.com\/be\/wp-content\/uploads\/2019\/03\/Foto23.jpg 400w\" sizes=\"(max-width: 300px) 100vw, 300px\" \/><\/a> <a href=\"https:\/\/www.imtbike.com\/be\/wp-content\/uploads\/2019\/03\/Foto24.jpg\" rel=\"attachment wp-att-15853\"><img decoding=\"async\" loading=\"lazy\" class=\"alignnone size-medium wp-image-15853\" src=\"https:\/\/www.imtbike.com\/be\/wp-content\/uploads\/2019\/03\/Foto24-300x225.jpg\" alt=\"IMTBIKE Motorcycle Tour Portugal &amp; Southern Spain\" width=\"300\" height=\"225\" srcset=\"https:\/\/www.imtbike.com\/be\/wp-content\/uploads\/2019\/03\/Foto24-300x225.jpg 300w, https:\/\/www.imtbike.com\/be\/wp-content\/uploads\/2019\/03\/Foto24.jpg 400w\" sizes=\"(max-width: 300px) 100vw, 300px\" \/><\/a><\/p>\n<p>Os \u00faltimos dias foram como os primeiros, maravilhosos, Ronda nos recebeu com incr\u00edveis estradas de montanha, hav\u00edamos chegado \u00e0 Andalucia. Desfrutamos das infinitas curvas pelas serras de Ronda e pela <em>Sierra de las Nieves<\/em>, que fizeram nossos clientes americanos esquecerem a famosa rota norte americana \u201cTail of the Dragon\u201d conhecida pelas suas 318 curvas em 18 km.<\/p>\n<p>No dia 3 de Novembro, depois de um total de 2500 km e muitos \u201cOk, Ok\u201d e \u201cVamos, vamos\u201d, chegamos a Malaga todos felizes e contentes.\u00a0 Os \u00faltimos quil\u00f4metros foram dif\u00edceis, n\u00e3o quer\u00edamos chegar ao fim da nossa aventura, mas todas as mem\u00f3rias, risadas e as maravilhosas paisagens que hav\u00edamos conhecido fez com que valesse a pena. Na \u00faltima noite durante o jantar em uma acolhedora vatanda no centro de Malaga, Mike deu o ponto final a nossa aventura: \u00a8 Viajar por Andalucia e pelo sul de Portugal \u00e9 o verdadeiro Tail of the Dragon\u00a8. Miss\u00e3o cumprida, acredito que conseguimos fazer com que eles se apaixonassem por pilotar na Espanha assim como n\u00f3s somos apaixonados. Antes do final do dia eu e Sergi fomos tomar a \u00a8pen\u00faltima\u00a8 sa\u00eddeira. \u00a8Bom trabalho, companheiro!\u00a8<br \/>\n<a href=\"https:\/\/www.imtbike.com\/be\/wp-content\/uploads\/2019\/03\/Foto29.jpg\" rel=\"attachment wp-att-15858\"><img decoding=\"async\" loading=\"lazy\" class=\"alignnone size-medium wp-image-15858\" src=\"https:\/\/www.imtbike.com\/be\/wp-content\/uploads\/2019\/03\/Foto29-300x225.jpg\" alt=\"IMTBIKE Motorcycle tour Portugal &amp; Southern Spain\" width=\"300\" height=\"225\" srcset=\"https:\/\/www.imtbike.com\/be\/wp-content\/uploads\/2019\/03\/Foto29-300x225.jpg 300w, https:\/\/www.imtbike.com\/be\/wp-content\/uploads\/2019\/03\/Foto29.jpg 400w\" sizes=\"(max-width: 300px) 100vw, 300px\" \/><\/a> <a href=\"https:\/\/www.imtbike.com\/be\/wp-content\/uploads\/2019\/03\/Foto30.jpg\" rel=\"attachment wp-att-15859\"><img decoding=\"async\" loading=\"lazy\" class=\"alignnone size-medium wp-image-15859\" src=\"https:\/\/www.imtbike.com\/be\/wp-content\/uploads\/2019\/03\/Foto30-300x225.jpg\" alt=\"IMTBIKE Motorcycle tour Portugal &amp; Southern Spain\" width=\"300\" height=\"225\" srcset=\"https:\/\/www.imtbike.com\/be\/wp-content\/uploads\/2019\/03\/Foto30-300x225.jpg 300w, https:\/\/www.imtbike.com\/be\/wp-content\/uploads\/2019\/03\/Foto30.jpg 400w\" sizes=\"(max-width: 300px) 100vw, 300px\" \/><\/a><\/p>\n<p>Ainda hoje, meses depois, sigo com essa \u00f3tima sensa\u00e7\u00e3o. J\u00e1 sabia, mas essa viagem me confirmou claramente: ser guia de viagens em moto \u00e9 um \u00a8bom trabalho, companheiro\u00a8. Para mim o melhor trabalho que posso imaginar. Al\u00e9m disso, me sinto afortunado de ter encontrar uma empresa t\u00e3o profissional como a IMTBIKE.<br \/>\nVamos para a pr\u00f3xima, nos vemos em Marrocos!!<\/p>\n<p><a href=\"https:\/\/www.imtbike.com\/be\/wp-content\/uploads\/2019\/03\/Foto31.jpg\" rel=\"attachment wp-att-15860\"><img decoding=\"async\" loading=\"lazy\" class=\"alignnone size-medium wp-image-15860\" src=\"https:\/\/www.imtbike.com\/be\/wp-content\/uploads\/2019\/03\/Foto31-300x50.jpg\" alt=\"Foto31\" width=\"300\" height=\"50\" srcset=\"https:\/\/www.imtbike.com\/be\/wp-content\/uploads\/2019\/03\/Foto31-300x50.jpg 300w, https:\/\/www.imtbike.com\/be\/wp-content\/uploads\/2019\/03\/Foto31.jpg 600w\" sizes=\"(max-width: 300px) 100vw, 300px\" \/><\/a><\/p>\n<p>&nbsp;<\/p>\n<p>&nbsp;<\/p>\n","protected":false},"excerpt":{"rendered":"<p>Peter, em duas semanas come\u00e7a o tour em moto Andalicia &amp; Sul de Portugal, voc\u00ea gostaria de dirigir o carro de apoio?\u201d, recebi essa mensagem via Whattsapp no Albergue Ali El Cojo,<\/p>\n<p> <a class=\"read-more\" href=\"https:\/\/www.imtbike.com\/pt-br\/blog\/o-meu-primeiro-tour-por-peter\/\"> Read More<\/a><\/p>\n","protected":false},"author":16,"featured_media":16011,"comment_status":"open","ping_status":"open","sticky":false,"template":"","format":"standard","meta":{"footnotes":"","_jetpack_memberships_contains_paid_content":false},"categories":[92],"tags":[],"acf":[],"yoast_head":"<!-- This site is optimized with the Yoast SEO plugin v22.6 - https:\/\/yoast.com\/wordpress\/plugins\/seo\/ -->\n<title>O meu primeiro Tour por Peter. - IMTBike<\/title>\n<meta name=\"robots\" content=\"index, follow, max-snippet:-1, max-image-preview:large, max-video-preview:-1\" \/>\n<link rel=\"canonical\" href=\"https:\/\/www.imtbike.com\/blog\/o-meu-primeiro-tour-por-peter\/\" \/>\n<meta property=\"og:locale\" content=\"pt_BR\" \/>\n<meta property=\"og:type\" content=\"article\" \/>\n<meta property=\"og:title\" content=\"O meu primeiro Tour por Peter. - IMTBike\" \/>\n<meta property=\"og:description\" content=\"Peter, em duas semanas come\u00e7a o tour em moto Andalicia &amp; Sul de Portugal, voc\u00ea gostaria de dirigir o carro de apoio?\u201d, recebi essa mensagem via Whattsapp no Albergue Ali El Cojo, Read More\" \/>\n<meta property=\"og:url\" content=\"https:\/\/www.imtbike.com\/blog\/o-meu-primeiro-tour-por-peter\/\" \/>\n<meta property=\"og:site_name\" content=\"IMTBike\" \/>\n<meta property=\"article:published_time\" content=\"2019-03-06T15:43:15+00:00\" \/>\n<meta property=\"article:modified_time\" content=\"2019-03-14T10:50:07+00:00\" \/>\n<meta property=\"og:image\" content=\"https:\/\/www.imtbike.com\/be\/wp-content\/uploads\/2019\/03\/PETER.jpg\" \/>\n\t<meta property=\"og:image:width\" content=\"800\" \/>\n\t<meta property=\"og:image:height\" content=\"360\" \/>\n\t<meta property=\"og:image:type\" content=\"image\/jpeg\" \/>\n<meta name=\"author\" content=\"Marina\" \/>\n<meta name=\"twitter:label1\" content=\"Written by\" \/>\n\t<meta name=\"twitter:data1\" content=\"Marina\" \/>\n\t<meta name=\"twitter:label2\" content=\"Est. reading time\" \/>\n\t<meta name=\"twitter:data2\" content=\"6 minutes\" \/>\n<script type=\"application\/ld+json\" class=\"yoast-schema-graph\">{\"@context\":\"https:\/\/schema.org\",\"@graph\":[{\"@type\":\"WebPage\",\"@id\":\"https:\/\/www.imtbike.com\/blog\/o-meu-primeiro-tour-por-peter\/\",\"url\":\"https:\/\/www.imtbike.com\/blog\/o-meu-primeiro-tour-por-peter\/\",\"name\":\"O meu primeiro Tour por Peter. - IMTBike\",\"isPartOf\":{\"@id\":\"https:\/\/www.imtbike.com\/#website\"},\"primaryImageOfPage\":{\"@id\":\"https:\/\/www.imtbike.com\/blog\/o-meu-primeiro-tour-por-peter\/#primaryimage\"},\"image\":{\"@id\":\"https:\/\/www.imtbike.com\/blog\/o-meu-primeiro-tour-por-peter\/#primaryimage\"},\"thumbnailUrl\":\"https:\/\/www.imtbike.com\/be\/wp-content\/uploads\/2019\/03\/PETER.jpg\",\"datePublished\":\"2019-03-06T15:43:15+00:00\",\"dateModified\":\"2019-03-14T10:50:07+00:00\",\"author\":{\"@id\":\"https:\/\/www.imtbike.com\/#\/schema\/person\/ee86f94d59af72a09fd4d780e75d3db9\"},\"breadcrumb\":{\"@id\":\"https:\/\/www.imtbike.com\/blog\/o-meu-primeiro-tour-por-peter\/#breadcrumb\"},\"inLanguage\":\"pt-BR\",\"potentialAction\":[{\"@type\":\"ReadAction\",\"target\":[\"https:\/\/www.imtbike.com\/blog\/o-meu-primeiro-tour-por-peter\/\"]}]},{\"@type\":\"ImageObject\",\"inLanguage\":\"pt-BR\",\"@id\":\"https:\/\/www.imtbike.com\/blog\/o-meu-primeiro-tour-por-peter\/#primaryimage\",\"url\":\"https:\/\/www.imtbike.com\/be\/wp-content\/uploads\/2019\/03\/PETER.jpg\",\"contentUrl\":\"https:\/\/www.imtbike.com\/be\/wp-content\/uploads\/2019\/03\/PETER.jpg\",\"width\":800,\"height\":360,\"caption\":\"Portugal & Southern Spain Motorcycle tour by peter\"},{\"@type\":\"BreadcrumbList\",\"@id\":\"https:\/\/www.imtbike.com\/blog\/o-meu-primeiro-tour-por-peter\/#breadcrumb\",\"itemListElement\":[{\"@type\":\"ListItem\",\"position\":1,\"name\":\"Home\",\"item\":\"https:\/\/www.imtbike.com\/\"},{\"@type\":\"ListItem\",\"position\":2,\"name\":\"O meu primeiro Tour por Peter.\"}]},{\"@type\":\"WebSite\",\"@id\":\"https:\/\/www.imtbike.com\/#website\",\"url\":\"https:\/\/www.imtbike.com\/\",\"name\":\"IMTBike\",\"description\":\"Passion for Motorcycling\",\"potentialAction\":[{\"@type\":\"SearchAction\",\"target\":{\"@type\":\"EntryPoint\",\"urlTemplate\":\"https:\/\/www.imtbike.com\/?s={search_term_string}\"},\"query-input\":\"required name=search_term_string\"}],\"inLanguage\":\"pt-BR\"},{\"@type\":\"Person\",\"@id\":\"https:\/\/www.imtbike.com\/#\/schema\/person\/ee86f94d59af72a09fd4d780e75d3db9\",\"name\":\"Marina\",\"image\":{\"@type\":\"ImageObject\",\"inLanguage\":\"pt-BR\",\"@id\":\"https:\/\/www.imtbike.com\/#\/schema\/person\/image\/\",\"url\":\"https:\/\/secure.gravatar.com\/avatar\/79a6604db85b325c6276d8fde2718f63?s=96&d=mm&r=g\",\"contentUrl\":\"https:\/\/secure.gravatar.com\/avatar\/79a6604db85b325c6276d8fde2718f63?s=96&d=mm&r=g\",\"caption\":\"Marina\"},\"url\":\"https:\/\/www.imtbike.com\/pt-br\/author\/imtbikemarina\/\"}]}<\/script>\n<!-- \/ Yoast SEO plugin. -->","yoast_head_json":{"title":"O meu primeiro Tour por Peter. - IMTBike","robots":{"index":"index","follow":"follow","max-snippet":"max-snippet:-1","max-image-preview":"max-image-preview:large","max-video-preview":"max-video-preview:-1"},"canonical":"https:\/\/www.imtbike.com\/blog\/o-meu-primeiro-tour-por-peter\/","og_locale":"pt_BR","og_type":"article","og_title":"O meu primeiro Tour por Peter. - IMTBike","og_description":"Peter, em duas semanas come\u00e7a o tour em moto Andalicia &amp; Sul de Portugal, voc\u00ea gostaria de dirigir o carro de apoio?\u201d, recebi essa mensagem via Whattsapp no Albergue Ali El Cojo, Read More","og_url":"https:\/\/www.imtbike.com\/blog\/o-meu-primeiro-tour-por-peter\/","og_site_name":"IMTBike","article_published_time":"2019-03-06T15:43:15+00:00","article_modified_time":"2019-03-14T10:50:07+00:00","og_image":[{"width":800,"height":360,"url":"https:\/\/www.imtbike.com\/be\/wp-content\/uploads\/2019\/03\/PETER.jpg","type":"image\/jpeg"}],"author":"Marina","twitter_misc":{"Written by":"Marina","Est. reading time":"6 minutes"},"schema":{"@context":"https:\/\/schema.org","@graph":[{"@type":"WebPage","@id":"https:\/\/www.imtbike.com\/blog\/o-meu-primeiro-tour-por-peter\/","url":"https:\/\/www.imtbike.com\/blog\/o-meu-primeiro-tour-por-peter\/","name":"O meu primeiro Tour por Peter. - IMTBike","isPartOf":{"@id":"https:\/\/www.imtbike.com\/#website"},"primaryImageOfPage":{"@id":"https:\/\/www.imtbike.com\/blog\/o-meu-primeiro-tour-por-peter\/#primaryimage"},"image":{"@id":"https:\/\/www.imtbike.com\/blog\/o-meu-primeiro-tour-por-peter\/#primaryimage"},"thumbnailUrl":"https:\/\/www.imtbike.com\/be\/wp-content\/uploads\/2019\/03\/PETER.jpg","datePublished":"2019-03-06T15:43:15+00:00","dateModified":"2019-03-14T10:50:07+00:00","author":{"@id":"https:\/\/www.imtbike.com\/#\/schema\/person\/ee86f94d59af72a09fd4d780e75d3db9"},"breadcrumb":{"@id":"https:\/\/www.imtbike.com\/blog\/o-meu-primeiro-tour-por-peter\/#breadcrumb"},"inLanguage":"pt-BR","potentialAction":[{"@type":"ReadAction","target":["https:\/\/www.imtbike.com\/blog\/o-meu-primeiro-tour-por-peter\/"]}]},{"@type":"ImageObject","inLanguage":"pt-BR","@id":"https:\/\/www.imtbike.com\/blog\/o-meu-primeiro-tour-por-peter\/#primaryimage","url":"https:\/\/www.imtbike.com\/be\/wp-content\/uploads\/2019\/03\/PETER.jpg","contentUrl":"https:\/\/www.imtbike.com\/be\/wp-content\/uploads\/2019\/03\/PETER.jpg","width":800,"height":360,"caption":"Portugal & Southern Spain Motorcycle tour by peter"},{"@type":"BreadcrumbList","@id":"https:\/\/www.imtbike.com\/blog\/o-meu-primeiro-tour-por-peter\/#breadcrumb","itemListElement":[{"@type":"ListItem","position":1,"name":"Home","item":"https:\/\/www.imtbike.com\/"},{"@type":"ListItem","position":2,"name":"O meu primeiro Tour por Peter."}]},{"@type":"WebSite","@id":"https:\/\/www.imtbike.com\/#website","url":"https:\/\/www.imtbike.com\/","name":"IMTBike","description":"Passion for Motorcycling","potentialAction":[{"@type":"SearchAction","target":{"@type":"EntryPoint","urlTemplate":"https:\/\/www.imtbike.com\/?s={search_term_string}"},"query-input":"required name=search_term_string"}],"inLanguage":"pt-BR"},{"@type":"Person","@id":"https:\/\/www.imtbike.com\/#\/schema\/person\/ee86f94d59af72a09fd4d780e75d3db9","name":"Marina","image":{"@type":"ImageObject","inLanguage":"pt-BR","@id":"https:\/\/www.imtbike.com\/#\/schema\/person\/image\/","url":"https:\/\/secure.gravatar.com\/avatar\/79a6604db85b325c6276d8fde2718f63?s=96&d=mm&r=g","contentUrl":"https:\/\/secure.gravatar.com\/avatar\/79a6604db85b325c6276d8fde2718f63?s=96&d=mm&r=g","caption":"Marina"},"url":"https:\/\/www.imtbike.com\/pt-br\/author\/imtbikemarina\/"}]}},"jetpack_sharing_enabled":true,"jetpack_featured_media_url":"https:\/\/www.imtbike.com\/be\/wp-content\/uploads\/2019\/03\/PETER.jpg","_links":{"self":[{"href":"https:\/\/www.imtbike.com\/pt-br\/wp-json\/wp\/v2\/posts\/15953"}],"collection":[{"href":"https:\/\/www.imtbike.com\/pt-br\/wp-json\/wp\/v2\/posts"}],"about":[{"href":"https:\/\/www.imtbike.com\/pt-br\/wp-json\/wp\/v2\/types\/post"}],"author":[{"embeddable":true,"href":"https:\/\/www.imtbike.com\/pt-br\/wp-json\/wp\/v2\/users\/16"}],"replies":[{"embeddable":true,"href":"https:\/\/www.imtbike.com\/pt-br\/wp-json\/wp\/v2\/comments?post=15953"}],"version-history":[{"count":1,"href":"https:\/\/www.imtbike.com\/pt-br\/wp-json\/wp\/v2\/posts\/15953\/revisions"}],"predecessor-version":[{"id":15955,"href":"https:\/\/www.imtbike.com\/pt-br\/wp-json\/wp\/v2\/posts\/15953\/revisions\/15955"}],"wp:featuredmedia":[{"embeddable":true,"href":"https:\/\/www.imtbike.com\/pt-br\/wp-json\/wp\/v2\/media\/16011"}],"wp:attachment":[{"href":"https:\/\/www.imtbike.com\/pt-br\/wp-json\/wp\/v2\/media?parent=15953"}],"wp:term":[{"taxonomy":"category","embeddable":true,"href":"https:\/\/www.imtbike.com\/pt-br\/wp-json\/wp\/v2\/categories?post=15953"},{"taxonomy":"post_tag","embeddable":true,"href":"https:\/\/www.imtbike.com\/pt-br\/wp-json\/wp\/v2\/tags?post=15953"}],"curies":[{"name":"wp","href":"https:\/\/api.w.org\/{rel}","templated":true}]}}