{"id":15265,"date":"2019-02-05T08:53:38","date_gmt":"2019-02-05T13:53:38","guid":{"rendered":"http:\/\/imt.bike.local\/?p=15265"},"modified":"2025-12-14T15:39:54","modified_gmt":"2025-12-14T20:39:54","slug":"imtbike-staff-20-preguntas-para-maria","status":"publish","type":"post","link":"https:\/\/www.imtbike.com\/pt-br\/blog\/imtbike-staff-20-preguntas-para-maria\/","title":{"rendered":"IMTBIKE STAFF | 20 Preguntas para Mar\u00eda P\u00e9rez. Diretor de reservas de viagens de motocicleta"},"content":{"rendered":"<ol>\n<li>\u00a0Mar\u00eda P\u00e9rez<strong>Data de Nascimiento<\/strong>: Madrid 3 de Mayo<strong>1. \u00bfComo come\u00e7as-te a formar parte da fam\u00edlia IMTBIKE?<\/strong><em>Atrav\u00e9s de uma colega dos Paradores, onde trabalhei durante 10 anos. Ela informou-me que a<a href=\"http:\/\/imtbike.com\/pt-br\/\" target=\"_blank\"> IMTBIKE<\/a> procurava algu\u00e9m para o <a href=\"http:\/\/imtbike.com\/pt-br\/viagem-de-moto\/\" target=\"_blank\">departamento de reservas<\/a> e fiz a entrevista com o Scott e a Isa.<\/em><\/li>\n<li><strong>O que \u00e9 que levas sempre contigo numa viagem?<\/strong><em>Um pequeno guia feito por mim. O mundo da arte apaixona-me.<\/em><\/li>\n<li><strong>O que gostas de tomar ao pequeno almo\u00e7o quando est\u00e1s de viagem?<\/strong><em>Gosto de comer o que n\u00e3o costumo comer no dia-a-dia: Ovos, bacon, queijo, tortilha, etc. E claro, sumo de laranja rec\u00e9m exprimido. O meu pequeno almo\u00e7o preferido \u00e9 o dos Paradores.<\/em><\/li>\n<li><strong>Tens algum ritual antes de come\u00e7ar uma viagem?<\/strong><em>Fazer uma lista com todas as coisas que vou levar na mala.<\/em><\/li>\n<li><strong>Vinho ou Cerveja?<\/strong><em>Cerveja sempre!!<\/em><\/li>\n<li><strong>Das viagens que j\u00e1 preparaste para a IMTBIKE, qual gostavas fazer?<\/strong><em>Gostava de fazer todas! Mas se tivesse que escolher&#8230; <a href=\"http:\/\/imtbike.com\/pt-br\/tours\/viagem-de-moto-italia-franca-alpes\/provenca-toscana\/\" target=\"_blank\">Toscana &amp; Proen\u00e7a<\/a> e <a href=\"http:\/\/imtbike.com\/pt-br\/tours\/viagem-de-moto-italia-franca-alpes\/sardenha-corsega\/\" target=\"_blank\">Sardenha &amp; C\u00f3rsega.<\/a><\/em><\/li>\n<li><strong>\u00bfConta-nos alguma lenda dos Paradores?<\/strong><br \/>\n<em>O Parador de Ja\u00e9n Castelo de Santa Catalina, conta com a exist\u00eancia de um fantasma no quarto 22. Diz-se que uma noite um cliente foi arrancado do seu sono pelo ruido de batidas na porta e vozes de uma mulher. Em 1984 uma equipe de parapsic\u00f3logos realizou um estudo do local e chegou \u00e0 conclus\u00e3o de que essas vozes s\u00f3 podiam ser as de uma jovem que morreu de mal de amores seculos atr\u00e1s. Alem disso em Ja\u00e9n contam com a presen\u00e7a do conhecido \u201cTerr\u00edvel Lagarto\u201d, prisioneiro do castelo que morreu de fome durante o seu cativeiro. Agora passeia-se tranquilamente pelos sal\u00f5es e aproveita as tardes para adotar a forma dos clientes do Parador. N\u00e3o \u00e9 perigoso, mas se alguma v\u00eas reparas que a pessoa com a que est\u00e1s a falar com se lembra do que lhe acabas de contar, \u00e9 poss\u00edvel que, nesse preciso momento o seu corpo se encontre ocupado pelo antigo prisioneiro.<\/em><\/li>\n<li><strong>Qual \u00e9 a tua comida favorita?<\/strong><em>Decis\u00e3o dif\u00edcil&#8230; Mas se tiver que escolher, adoro os pratos para comer com colher, os guisados, lentilhas, feijoada&#8230;<\/em><\/li>\n<li><strong>O que mais gostas de fazer no teu tempo livre?<\/strong><em>Estar com a minha fam\u00edlia e amig@s e sempre que posso viajar e fazer passeios, picnics&#8230;<\/em><\/li>\n<li><strong>Se pudesses conhecer a uma pessoa, viva ou morta, quem seria?<\/strong><em>Aos meus av\u00f4s, paterno e materno, que faleceram quando os meus pais eram muito pequenos&#8230;<\/em><\/li>\n<li><strong>Qual achas que \u00e9 o melhor invento de todos os tempos?<\/strong><em>A eletricidade.<\/em><\/li>\n<li><strong>Se pudesses ser um animal, qual serias?<\/strong><em>Tigre, que \u00e9 o meu animal favorito, junto com o c\u00e3o.<\/em><\/li>\n<li><strong>Se tivesses uma m\u00e1quina do tempo&#8230; Onde irias?<\/strong><em>Ao antigo Egipto e \u00e0 Roma antiga.<\/em><\/li>\n<li><strong>Quem consideras que \u00e9 o melhor grupo ou cantor actual?<\/strong><em>Ed Sheeran.<\/em><\/li>\n<li><strong>O que fazes num dia chuvoso?<\/strong><em>Sof\u00e1-manta-filme.<\/em><\/li>\n<li><strong>Qual \u00e9 o teu sabor de gelado favorito?<\/strong><em>After Eight (de menta e chocolate).<\/em><\/li>\n<li><strong>No que pensas quando est\u00e1s a andar de moto?<\/strong><em>H\u00e1 muito tempo que n\u00e3o ando de moto, mas dava-me sensa\u00e7\u00e3o de total liberdade e adrenalina.<\/em><\/li>\n<li><strong>O que queres ser quando fores grande?<\/strong><em>Feliz.<\/em><\/li>\n<li><strong>Que super poder gostarias de ter?<\/strong><em>Voar e tamb\u00e9m o poder de curar (n\u00e3o a mim, mas aos meus entes queridos).<\/em><\/li>\n<li><strong>Que pa\u00eds gostavas de visitar proximamente?<\/strong><br \/>\n<em>Egipto.<\/em><\/li>\n<\/ol>\n<p>&nbsp;<\/p>\n","protected":false},"excerpt":{"rendered":"<ol>\n<li>\u00a0Mar\u00eda P\u00e9rezData de Nascimiento: Madrid 3 de Mayo1. \u00bfComo come\u00e7as-te a formar parte da fam\u00edlia IMTBIKE?<em>Atrav\u00e9s de uma colega dos Paradores, onde trabalhei durante 10 anos. Ela informou-me que a<a href=\"http:\/\/imtbike.com\/pt-br\/\" target=\"_blank\"> IMTBIKE<\/a> procurava algu\u00e9m para o <a href=\"http:\/\/imtbike.com\/pt-br\/viagem-de-moto\/\" target=\"_blank\">departamento de reservas<\/a> e fiz a entrevista com o Scott e a Isa.<\/em><\/li>\n<\/ol>\n<p> <a class=\"read-more\" href=\"https:\/\/www.imtbike.com\/pt-br\/blog\/imtbike-staff-20-preguntas-para-maria\/\">Leia mais<\/a><\/p>\n","protected":false},"author":21,"featured_media":16013,"comment_status":"open","ping_status":"open","sticky":false,"template":"","format":"standard","meta":{"footnotes":""},"categories":[220],"tags":[],"class_list":["post-15265","post","type-post","status-publish","format-standard","has-post-thumbnail","hentry","category-familia-pt"],"acf":[],"yoast_head":"<!-- This site is optimized with the Yoast SEO plugin v28.3 - https:\/\/yoast.com\/product\/yoast-seo-wordpress\/ -->\n<title>IMTBIKE STAFF | 20 Preguntas para Mar\u00eda P\u00e9rez. Diretor de reservas de viagens de motocicleta - IMTBike<\/title>\n<meta name=\"robots\" content=\"index, follow, max-snippet:-1, max-image-preview:large, max-video-preview:-1\" \/>\n<link rel=\"canonical\" href=\"https:\/\/www.imtbike.com\/blog\/imtbike-staff-20-preguntas-para-maria\/\" \/>\n<meta property=\"og:locale\" content=\"pt_BR\" \/>\n<meta property=\"og:type\" content=\"article\" \/>\n<meta property=\"og:title\" content=\"IMTBIKE STAFF | 20 Preguntas para Mar\u00eda P\u00e9rez. Diretor de reservas de viagens de motocicleta - IMTBike\" \/>\n<meta property=\"og:description\" content=\"\u00a0Mar\u00eda P\u00e9rezData de Nascimiento: Madrid 3 de Mayo1. \u00bfComo come\u00e7as-te a formar parte da fam\u00edlia IMTBIKE?Atrav\u00e9s de uma colega dos Paradores, onde trabalhei durante 10 anos. Ela informou-me que a IMTBIKE procurava algu\u00e9m para o departamento de reservas e fiz a entrevista com o Scott e a Isa. Leia mais\" \/>\n<meta property=\"og:url\" content=\"https:\/\/www.imtbike.com\/blog\/imtbike-staff-20-preguntas-para-maria\/\" \/>\n<meta property=\"og:site_name\" content=\"IMTBike\" \/>\n<meta property=\"article:published_time\" content=\"2019-02-05T13:53:38+00:00\" \/>\n<meta property=\"article:modified_time\" content=\"2025-12-14T20:39:54+00:00\" \/>\n<meta property=\"og:image\" content=\"https:\/\/www.imtbike.com\/wp-content\/uploads\/2019\/02\/maria.jpg\" \/>\n\t<meta property=\"og:image:width\" content=\"800\" \/>\n\t<meta property=\"og:image:height\" content=\"360\" \/>\n\t<meta property=\"og:image:type\" content=\"image\/jpeg\" \/>\n<meta name=\"author\" content=\"IMTBIKE Marketing\" \/>\n<meta name=\"twitter:label1\" content=\"Written by\" \/>\n\t<meta name=\"twitter:data1\" content=\"IMTBIKE Marketing\" \/>\n\t<meta name=\"twitter:label2\" content=\"Est. reading time\" \/>\n\t<meta name=\"twitter:data2\" content=\"3 minutes\" \/>\n<script type=\"application\/ld+json\" class=\"yoast-schema-graph\">{\"@context\":\"https:\\\/\\\/schema.org\",\"@graph\":[{\"@type\":\"Article\",\"@id\":\"https:\\\/\\\/www.imtbike.com\\\/blog\\\/imtbike-staff-20-preguntas-para-maria\\\/#article\",\"isPartOf\":{\"@id\":\"https:\\\/\\\/www.imtbike.com\\\/blog\\\/imtbike-staff-20-preguntas-para-maria\\\/\"},\"author\":{\"name\":\"IMTBIKE Marketing\",\"@id\":\"https:\\\/\\\/www.imtbike.com\\\/#\\\/schema\\\/person\\\/c7b969696e5e374e8255c3a8cefe4902\"},\"headline\":\"IMTBIKE STAFF | 20 Preguntas para Mar\u00eda P\u00e9rez. Diretor de reservas de viagens de motocicleta\",\"datePublished\":\"2019-02-05T13:53:38+00:00\",\"dateModified\":\"2025-12-14T20:39:54+00:00\",\"mainEntityOfPage\":{\"@id\":\"https:\\\/\\\/www.imtbike.com\\\/blog\\\/imtbike-staff-20-preguntas-para-maria\\\/\"},\"wordCount\":582,\"commentCount\":0,\"image\":{\"@id\":\"https:\\\/\\\/www.imtbike.com\\\/blog\\\/imtbike-staff-20-preguntas-para-maria\\\/#primaryimage\"},\"thumbnailUrl\":\"https:\\\/\\\/www.imtbike.com\\\/wp-content\\\/uploads\\\/2019\\\/02\\\/maria.jpg\",\"articleSection\":[\"Familia\"],\"inLanguage\":\"pt-BR\",\"potentialAction\":[{\"@type\":\"CommentAction\",\"name\":\"Comment\",\"target\":[\"https:\\\/\\\/www.imtbike.com\\\/blog\\\/imtbike-staff-20-preguntas-para-maria\\\/#respond\"]}]},{\"@type\":\"WebPage\",\"@id\":\"https:\\\/\\\/www.imtbike.com\\\/blog\\\/imtbike-staff-20-preguntas-para-maria\\\/\",\"url\":\"https:\\\/\\\/www.imtbike.com\\\/blog\\\/imtbike-staff-20-preguntas-para-maria\\\/\",\"name\":\"IMTBIKE STAFF | 20 Preguntas para Mar\u00eda P\u00e9rez. Diretor de reservas de viagens de motocicleta - IMTBike\",\"isPartOf\":{\"@id\":\"https:\\\/\\\/www.imtbike.com\\\/#website\"},\"primaryImageOfPage\":{\"@id\":\"https:\\\/\\\/www.imtbike.com\\\/blog\\\/imtbike-staff-20-preguntas-para-maria\\\/#primaryimage\"},\"image\":{\"@id\":\"https:\\\/\\\/www.imtbike.com\\\/blog\\\/imtbike-staff-20-preguntas-para-maria\\\/#primaryimage\"},\"thumbnailUrl\":\"https:\\\/\\\/www.imtbike.com\\\/wp-content\\\/uploads\\\/2019\\\/02\\\/maria.jpg\",\"datePublished\":\"2019-02-05T13:53:38+00:00\",\"dateModified\":\"2025-12-14T20:39:54+00:00\",\"author\":{\"@id\":\"https:\\\/\\\/www.imtbike.com\\\/#\\\/schema\\\/person\\\/c7b969696e5e374e8255c3a8cefe4902\"},\"breadcrumb\":{\"@id\":\"https:\\\/\\\/www.imtbike.com\\\/blog\\\/imtbike-staff-20-preguntas-para-maria\\\/#breadcrumb\"},\"inLanguage\":\"pt-BR\",\"potentialAction\":[{\"@type\":\"ReadAction\",\"target\":[\"https:\\\/\\\/www.imtbike.com\\\/blog\\\/imtbike-staff-20-preguntas-para-maria\\\/\"]}]},{\"@type\":\"ImageObject\",\"inLanguage\":\"pt-BR\",\"@id\":\"https:\\\/\\\/www.imtbike.com\\\/blog\\\/imtbike-staff-20-preguntas-para-maria\\\/#primaryimage\",\"url\":\"https:\\\/\\\/www.imtbike.com\\\/wp-content\\\/uploads\\\/2019\\\/02\\\/maria.jpg\",\"contentUrl\":\"https:\\\/\\\/www.imtbike.com\\\/wp-content\\\/uploads\\\/2019\\\/02\\\/maria.jpg\",\"width\":800,\"height\":360,\"caption\":\"maria imtbike\"},{\"@type\":\"BreadcrumbList\",\"@id\":\"https:\\\/\\\/www.imtbike.com\\\/blog\\\/imtbike-staff-20-preguntas-para-maria\\\/#breadcrumb\",\"itemListElement\":[{\"@type\":\"ListItem\",\"position\":1,\"name\":\"Home\",\"item\":\"https:\\\/\\\/www.imtbike.com\\\/pt-br\\\/\"},{\"@type\":\"ListItem\",\"position\":2,\"name\":\"IMTBIKE STAFF | 20 Preguntas para Mar\u00eda P\u00e9rez. Diretor de reservas de viagens de motocicleta\"}]},{\"@type\":\"WebSite\",\"@id\":\"https:\\\/\\\/www.imtbike.com\\\/#website\",\"url\":\"https:\\\/\\\/www.imtbike.com\\\/\",\"name\":\"IMTBike\",\"description\":\"Passion for Motorcycling\",\"potentialAction\":[{\"@type\":\"SearchAction\",\"target\":{\"@type\":\"EntryPoint\",\"urlTemplate\":\"https:\\\/\\\/www.imtbike.com\\\/?s={search_term_string}\"},\"query-input\":{\"@type\":\"PropertyValueSpecification\",\"valueRequired\":true,\"valueName\":\"search_term_string\"}}],\"inLanguage\":\"pt-BR\"},{\"@type\":\"Person\",\"@id\":\"https:\\\/\\\/www.imtbike.com\\\/#\\\/schema\\\/person\\\/c7b969696e5e374e8255c3a8cefe4902\",\"name\":\"IMTBIKE Marketing\",\"image\":{\"@type\":\"ImageObject\",\"inLanguage\":\"pt-BR\",\"@id\":\"https:\\\/\\\/secure.gravatar.com\\\/avatar\\\/3e0399d329ecf43949c963992a724338dd22d89c19be895bcb3fa4fb70fa33af?s=96&d=mm&r=g\",\"url\":\"https:\\\/\\\/secure.gravatar.com\\\/avatar\\\/3e0399d329ecf43949c963992a724338dd22d89c19be895bcb3fa4fb70fa33af?s=96&d=mm&r=g\",\"contentUrl\":\"https:\\\/\\\/secure.gravatar.com\\\/avatar\\\/3e0399d329ecf43949c963992a724338dd22d89c19be895bcb3fa4fb70fa33af?s=96&d=mm&r=g\",\"caption\":\"IMTBIKE Marketing\"},\"sameAs\":[\"https:\\\/\\\/imtbike.com\"],\"url\":\"https:\\\/\\\/www.imtbike.com\\\/pt-br\\\/author\\\/imtbike\\\/\"}]}<\/script>\n<!-- \/ Yoast SEO plugin. -->","yoast_head_json":{"title":"IMTBIKE STAFF | 20 Preguntas para Mar\u00eda P\u00e9rez. Diretor de reservas de viagens de motocicleta - IMTBike","robots":{"index":"index","follow":"follow","max-snippet":"max-snippet:-1","max-image-preview":"max-image-preview:large","max-video-preview":"max-video-preview:-1"},"canonical":"https:\/\/www.imtbike.com\/blog\/imtbike-staff-20-preguntas-para-maria\/","og_locale":"pt_BR","og_type":"article","og_title":"IMTBIKE STAFF | 20 Preguntas para Mar\u00eda P\u00e9rez. Diretor de reservas de viagens de motocicleta - IMTBike","og_description":"\u00a0Mar\u00eda P\u00e9rezData de Nascimiento: Madrid 3 de Mayo1. \u00bfComo come\u00e7as-te a formar parte da fam\u00edlia IMTBIKE?Atrav\u00e9s de uma colega dos Paradores, onde trabalhei durante 10 anos. Ela informou-me que a IMTBIKE procurava algu\u00e9m para o departamento de reservas e fiz a entrevista com o Scott e a Isa. Leia mais","og_url":"https:\/\/www.imtbike.com\/blog\/imtbike-staff-20-preguntas-para-maria\/","og_site_name":"IMTBike","article_published_time":"2019-02-05T13:53:38+00:00","article_modified_time":"2025-12-14T20:39:54+00:00","og_image":[{"width":800,"height":360,"url":"https:\/\/www.imtbike.com\/wp-content\/uploads\/2019\/02\/maria.jpg","type":"image\/jpeg"}],"author":"IMTBIKE Marketing","twitter_misc":{"Written by":"IMTBIKE Marketing","Est. reading time":"3 minutes"},"schema":{"@context":"https:\/\/schema.org","@graph":[{"@type":"Article","@id":"https:\/\/www.imtbike.com\/blog\/imtbike-staff-20-preguntas-para-maria\/#article","isPartOf":{"@id":"https:\/\/www.imtbike.com\/blog\/imtbike-staff-20-preguntas-para-maria\/"},"author":{"name":"IMTBIKE Marketing","@id":"https:\/\/www.imtbike.com\/#\/schema\/person\/c7b969696e5e374e8255c3a8cefe4902"},"headline":"IMTBIKE STAFF | 20 Preguntas para Mar\u00eda P\u00e9rez. Diretor de reservas de viagens de motocicleta","datePublished":"2019-02-05T13:53:38+00:00","dateModified":"2025-12-14T20:39:54+00:00","mainEntityOfPage":{"@id":"https:\/\/www.imtbike.com\/blog\/imtbike-staff-20-preguntas-para-maria\/"},"wordCount":582,"commentCount":0,"image":{"@id":"https:\/\/www.imtbike.com\/blog\/imtbike-staff-20-preguntas-para-maria\/#primaryimage"},"thumbnailUrl":"https:\/\/www.imtbike.com\/wp-content\/uploads\/2019\/02\/maria.jpg","articleSection":["Familia"],"inLanguage":"pt-BR","potentialAction":[{"@type":"CommentAction","name":"Comment","target":["https:\/\/www.imtbike.com\/blog\/imtbike-staff-20-preguntas-para-maria\/#respond"]}]},{"@type":"WebPage","@id":"https:\/\/www.imtbike.com\/blog\/imtbike-staff-20-preguntas-para-maria\/","url":"https:\/\/www.imtbike.com\/blog\/imtbike-staff-20-preguntas-para-maria\/","name":"IMTBIKE STAFF | 20 Preguntas para Mar\u00eda P\u00e9rez. Diretor de reservas de viagens de motocicleta - IMTBike","isPartOf":{"@id":"https:\/\/www.imtbike.com\/#website"},"primaryImageOfPage":{"@id":"https:\/\/www.imtbike.com\/blog\/imtbike-staff-20-preguntas-para-maria\/#primaryimage"},"image":{"@id":"https:\/\/www.imtbike.com\/blog\/imtbike-staff-20-preguntas-para-maria\/#primaryimage"},"thumbnailUrl":"https:\/\/www.imtbike.com\/wp-content\/uploads\/2019\/02\/maria.jpg","datePublished":"2019-02-05T13:53:38+00:00","dateModified":"2025-12-14T20:39:54+00:00","author":{"@id":"https:\/\/www.imtbike.com\/#\/schema\/person\/c7b969696e5e374e8255c3a8cefe4902"},"breadcrumb":{"@id":"https:\/\/www.imtbike.com\/blog\/imtbike-staff-20-preguntas-para-maria\/#breadcrumb"},"inLanguage":"pt-BR","potentialAction":[{"@type":"ReadAction","target":["https:\/\/www.imtbike.com\/blog\/imtbike-staff-20-preguntas-para-maria\/"]}]},{"@type":"ImageObject","inLanguage":"pt-BR","@id":"https:\/\/www.imtbike.com\/blog\/imtbike-staff-20-preguntas-para-maria\/#primaryimage","url":"https:\/\/www.imtbike.com\/wp-content\/uploads\/2019\/02\/maria.jpg","contentUrl":"https:\/\/www.imtbike.com\/wp-content\/uploads\/2019\/02\/maria.jpg","width":800,"height":360,"caption":"maria imtbike"},{"@type":"BreadcrumbList","@id":"https:\/\/www.imtbike.com\/blog\/imtbike-staff-20-preguntas-para-maria\/#breadcrumb","itemListElement":[{"@type":"ListItem","position":1,"name":"Home","item":"https:\/\/www.imtbike.com\/pt-br\/"},{"@type":"ListItem","position":2,"name":"IMTBIKE STAFF | 20 Preguntas para Mar\u00eda P\u00e9rez. Diretor de reservas de viagens de motocicleta"}]},{"@type":"WebSite","@id":"https:\/\/www.imtbike.com\/#website","url":"https:\/\/www.imtbike.com\/","name":"IMTBike","description":"Passion for Motorcycling","potentialAction":[{"@type":"SearchAction","target":{"@type":"EntryPoint","urlTemplate":"https:\/\/www.imtbike.com\/?s={search_term_string}"},"query-input":{"@type":"PropertyValueSpecification","valueRequired":true,"valueName":"search_term_string"}}],"inLanguage":"pt-BR"},{"@type":"Person","@id":"https:\/\/www.imtbike.com\/#\/schema\/person\/c7b969696e5e374e8255c3a8cefe4902","name":"IMTBIKE Marketing","image":{"@type":"ImageObject","inLanguage":"pt-BR","@id":"https:\/\/secure.gravatar.com\/avatar\/3e0399d329ecf43949c963992a724338dd22d89c19be895bcb3fa4fb70fa33af?s=96&d=mm&r=g","url":"https:\/\/secure.gravatar.com\/avatar\/3e0399d329ecf43949c963992a724338dd22d89c19be895bcb3fa4fb70fa33af?s=96&d=mm&r=g","contentUrl":"https:\/\/secure.gravatar.com\/avatar\/3e0399d329ecf43949c963992a724338dd22d89c19be895bcb3fa4fb70fa33af?s=96&d=mm&r=g","caption":"IMTBIKE Marketing"},"sameAs":["https:\/\/imtbike.com"],"url":"https:\/\/www.imtbike.com\/pt-br\/author\/imtbike\/"}]}},"_links":{"self":[{"href":"https:\/\/www.imtbike.com\/pt-br\/wp-json\/wp\/v2\/posts\/15265","targetHints":{"allow":["GET"]}}],"collection":[{"href":"https:\/\/www.imtbike.com\/pt-br\/wp-json\/wp\/v2\/posts"}],"about":[{"href":"https:\/\/www.imtbike.com\/pt-br\/wp-json\/wp\/v2\/types\/post"}],"author":[{"embeddable":true,"href":"https:\/\/www.imtbike.com\/pt-br\/wp-json\/wp\/v2\/users\/21"}],"replies":[{"embeddable":true,"href":"https:\/\/www.imtbike.com\/pt-br\/wp-json\/wp\/v2\/comments?post=15265"}],"version-history":[{"count":2,"href":"https:\/\/www.imtbike.com\/pt-br\/wp-json\/wp\/v2\/posts\/15265\/revisions"}],"predecessor-version":[{"id":16021,"href":"https:\/\/www.imtbike.com\/pt-br\/wp-json\/wp\/v2\/posts\/15265\/revisions\/16021"}],"wp:featuredmedia":[{"embeddable":true,"href":"https:\/\/www.imtbike.com\/pt-br\/wp-json\/wp\/v2\/media\/16013"}],"wp:attachment":[{"href":"https:\/\/www.imtbike.com\/pt-br\/wp-json\/wp\/v2\/media?parent=15265"}],"wp:term":[{"taxonomy":"category","embeddable":true,"href":"https:\/\/www.imtbike.com\/pt-br\/wp-json\/wp\/v2\/categories?post=15265"},{"taxonomy":"post_tag","embeddable":true,"href":"https:\/\/www.imtbike.com\/pt-br\/wp-json\/wp\/v2\/tags?post=15265"}],"curies":[{"name":"wp","href":"https:\/\/api.w.org\/{rel}","templated":true}]}}