{"id":14475,"date":"2018-10-26T04:56:16","date_gmt":"2018-10-26T08:56:16","guid":{"rendered":"http:\/\/imt.bike.local\/?p=14475"},"modified":"2026-05-07T20:24:41","modified_gmt":"2026-05-08T00:24:41","slug":"pessoal-imtbike-20-perguntas-com-martin-cebrian","status":"publish","type":"post","link":"https:\/\/www.imtbike.com\/pt-br\/blog\/pessoal-imtbike-20-perguntas-com-martin-cebrian\/","title":{"rendered":"PESSOAL IMTBIKE: 20 perguntas com Mart\u00edn Cebri\u00e1n"},"content":{"rendered":"<p>:\u00a0Mart\u00edn Cebri\u00e1n<\/p>\n<p><strong>Data de nascimiento<\/strong>:\u00a017 Mayo<\/p>\n<p><strong>Ciudade de nascimiento<\/strong>: Barcelona,\u00a0Espanha<\/p>\n<p><strong>\u00daltima turn\u00ea\u00a0<\/strong>: <a href=\"http:\/\/imtbike.com\/pt-br\/tours\/viagem-de-moto-italia-franca-alpes\/sardenha-corsega\/\" target=\"_blank\" rel=\"noopener\">&#8220;Sardenha &amp; C\u00f3rsega&#8221;<\/a><\/p>\n<p><strong>Social Media<\/strong>:<a href=\"https:\/\/www.facebook.com\/martin.cebrian.3\/\" target=\"_blank\" rel=\"noopener\">\u00a0facebook.com\/martin.cebrian.3<\/a><\/p>\n<p><strong>1.\u00a0 \u00bfComo come\u00e7as-te a formar parte da fam\u00edlia IMTBIKE? \u00a0<\/strong><\/p>\n<p><em>Eu era testador de motos freelance e contactaram-me ao mesmo tempo que a outro colega. Quando conheci o Scott soube logo que queria trabalhar com ele e que acabar\u00edamos sendo amigos. E assim continuamos depois de vinte anos!<\/em><\/p>\n<p><strong>2. O que \u00e9 que levas sempre contigo numa viagem?<\/strong><\/p>\n<p><em>Muito entusiasmo.<\/em><\/p>\n<p><strong>3. O que gostas de tomar ao pequeno almo\u00e7o quando est\u00e1s de viagem?<\/strong>\u00a0 \u00a0 \u00a0 \u00a0 \u00a0<strong>\u00a0<\/strong><\/p>\n<p><em>Sumo natural e caf\u00e9 com leite. Depois um prato com p\u00e3o acabado de fazer, ovos, presunto e tomate&#8230; tudo sobre uma base de queijo.<\/em><\/p>\n<p><strong>4. Tens algum ritual antes de come\u00e7ar uma viagem?<\/strong><\/p>\n<p><em>Desenhar um quadro com as minhas filhas onde saem todas as etapas para que possam seguir o meu itiner\u00e1rio.<\/em><\/p>\n<p><strong>5. Vinho ou Cerveja?<\/strong><\/p>\n<p><em>Vinho. Cada vez me apaixona mais e tenho a sorte de viver rodeado de vinhas.<\/em><\/p>\n<p><strong>6 . Das viagens que j\u00e1 fizeste com a IMTBIKE, de qual gostaste mais?<\/strong><\/p>\n<p><em>O \u00faltimo que tenha acabado de desenhar.<\/em><\/p>\n<p><strong>7. \u00bfQual foi a coisa mais divertida que j\u00e1 te aconteceu num tour?<\/strong><\/p>\n<p><em>Divertido e aterrador ao mesmo tempo: Uma experi\u00eancia Poltergeist num castelo\/hotel onde dizem que havia um fantasma. <\/em><\/p>\n<p><strong>8. Qual \u00e9 a tua comida favorita?<\/strong><\/p>\n<p><em>Sem duvida a que como acompanhado das pessoas que amo. Mas a n\u00edvel gastron\u00f3mico, uns bons ovos estrelados com p\u00e3o tradicional.<\/em><\/p>\n<p><strong>9. O que mais gostas de fazer no teu tempo livre?<\/strong><\/p>\n<p><em>Estar com as minhas mi\u00fadas (mulher e filhas), tocar guitarra e ir para a montanha andar de bicicleta com amigos.<\/em><\/p>\n<p><strong>10. Se pudesses conhecer a uma pessoa, viva ou morta, quem seria? \u00a0<\/strong><\/p>\n<p><em>Vale algu\u00e9m que ainda n\u00e3o tenha nascido? A todos os meus netos e bisnetos<\/em><\/p>\n<p><strong>11. Qual achas que \u00e9 o melhor invento de todos os tempos?<\/strong><\/p>\n<p><em>A roda&#8230; claro!<\/em><\/p>\n<p><strong>12. Se pudesses ser um animal, qual serias?<\/strong><\/p>\n<p><em>Qualquer um que seja mais inteligente do que sou agora.<\/em><\/p>\n<p><strong>13. Se tivesses uma m\u00e1quina do tempo&#8230; Onde irias?<\/strong><\/p>\n<p><em>Ao futuro, mas s\u00f3 se o pudesse alterar quando voltasse.<\/em><\/p>\n<p><strong>14. Quem consideras que \u00e9 o melhor grupo ou cantor actual?<\/strong><\/p>\n<p><em>Uff&#8230; que dif\u00edcil \u00e9 escolher! Va l\u00e1, o Joe Bonamassa.<\/em><\/p>\n<p><strong>15. O que fazes num dia chuvoso?<\/strong><\/p>\n<p><em>Cheirar a terra molhada e sorrir a pensar o fant\u00e1stico que vai estar o campo no dia seguinte.<\/em><\/p>\n<p><strong>16. Qual \u00e9 o teu sabor de gelado favorito?<\/strong><\/p>\n<p><em>De am\u00eandoas, mas em formato mini. As coisas doces enjoam-me.<\/em><\/p>\n<p><strong>17. No que pensas quando est\u00e1s a andar de moto?<\/strong><\/p>\n<p><em>Em tudo, mas como muito melhor perspetiva.<\/em><\/p>\n<p><strong>18. O que queres ser quando fores grande?<\/strong><\/p>\n<p>Como o Chano.<\/p>\n<p><strong>19. Que super poder gostarias de ter?<\/strong><\/p>\n<p><em>Curar.<\/em><\/p>\n<p><strong>20. Que pa\u00eds gostavas de visitar proximamente?<\/strong><\/p>\n<p>Cro\u00e1cia<\/p>\n","protected":false},"excerpt":{"rendered":"<p>:\u00a0Mart\u00edn Cebri\u00e1n<\/p>\n<p>Data de nascimiento:\u00a017 Mayo<\/p>\n<p>Ciudade de nascimiento: Barcelona,\u00a0Espanha<\/p>\n<p>\u00daltima turn\u00ea\u00a0: <a href=\"http:\/\/imtbike.com\/pt-br\/tours\/viagem-de-moto-italia-franca-alpes\/sardenha-corsega\/\" target=\"_blank\" rel=\"noopener\">&#8220;Sardenha &amp; C\u00f3rsega&#8221;<\/a><\/p>\n<p>Social Media:<a href=\"https:\/\/www.facebook.com\/martin.cebrian.3\/\" target=\"_blank\" rel=\"noopener\">\u00a0facebook.com\/martin.cebrian.3<\/a><\/p>\n<p>1.\u00a0<\/p>\n<p> <a class=\"read-more\" href=\"https:\/\/www.imtbike.com\/pt-br\/blog\/pessoal-imtbike-20-perguntas-com-martin-cebrian\/\">Leia mais<\/a><\/p>\n","protected":false},"author":21,"featured_media":16028,"comment_status":"open","ping_status":"open","sticky":false,"template":"","format":"standard","meta":{"footnotes":""},"categories":[13,91],"tags":[],"class_list":["post-14475","post","type-post","status-publish","format-standard","has-post-thumbnail","hentry","category-nao-categorizado","category-noticia"],"acf":[],"yoast_head":"<!-- This site is optimized with the Yoast SEO plugin v28.3 - https:\/\/yoast.com\/product\/yoast-seo-wordpress\/ -->\n<title>PESSOAL IMTBIKE: 20 perguntas com Mart\u00edn Cebri\u00e1n - IMTBike<\/title>\n<meta name=\"robots\" content=\"index, follow, max-snippet:-1, max-image-preview:large, max-video-preview:-1\" \/>\n<link rel=\"canonical\" href=\"https:\/\/www.imtbike.com\/blog\/pessoal-imtbike-20-perguntas-com-martin-cebrian\/\" \/>\n<meta property=\"og:locale\" content=\"pt_BR\" \/>\n<meta property=\"og:type\" content=\"article\" \/>\n<meta property=\"og:title\" content=\"PESSOAL IMTBIKE: 20 perguntas com Mart\u00edn Cebri\u00e1n - IMTBike\" \/>\n<meta property=\"og:description\" content=\":\u00a0Mart\u00edn Cebri\u00e1n Data de nascimiento:\u00a017 Mayo Ciudade de nascimiento: Barcelona,\u00a0Espanha \u00daltima turn\u00ea\u00a0: &#8220;Sardenha &amp; C\u00f3rsega&#8221; Social Media:\u00a0facebook.com\/martin.cebrian.3 1.\u00a0 Leia mais\" \/>\n<meta property=\"og:url\" content=\"https:\/\/www.imtbike.com\/blog\/pessoal-imtbike-20-perguntas-com-martin-cebrian\/\" \/>\n<meta property=\"og:site_name\" content=\"IMTBike\" \/>\n<meta property=\"article:published_time\" content=\"2018-10-26T08:56:16+00:00\" \/>\n<meta property=\"article:modified_time\" content=\"2026-05-08T00:24:41+00:00\" \/>\n<meta property=\"og:image\" content=\"https:\/\/www.imtbike.com\/wp-content\/uploads\/2018\/10\/MARTIN.jpg\" \/>\n\t<meta property=\"og:image:width\" content=\"800\" \/>\n\t<meta property=\"og:image:height\" content=\"360\" \/>\n\t<meta property=\"og:image:type\" content=\"image\/jpeg\" \/>\n<meta name=\"author\" content=\"IMTBIKE Marketing\" \/>\n<meta name=\"twitter:label1\" content=\"Written by\" \/>\n\t<meta name=\"twitter:data1\" content=\"IMTBIKE Marketing\" \/>\n\t<meta name=\"twitter:label2\" content=\"Est. reading time\" \/>\n\t<meta name=\"twitter:data2\" content=\"3 minutes\" \/>\n<script type=\"application\/ld+json\" class=\"yoast-schema-graph\">{\"@context\":\"https:\\\/\\\/schema.org\",\"@graph\":[{\"@type\":\"Article\",\"@id\":\"https:\\\/\\\/www.imtbike.com\\\/blog\\\/pessoal-imtbike-20-perguntas-com-martin-cebrian\\\/#article\",\"isPartOf\":{\"@id\":\"https:\\\/\\\/www.imtbike.com\\\/blog\\\/pessoal-imtbike-20-perguntas-com-martin-cebrian\\\/\"},\"author\":{\"name\":\"IMTBIKE Marketing\",\"@id\":\"https:\\\/\\\/www.imtbike.com\\\/#\\\/schema\\\/person\\\/c7b969696e5e374e8255c3a8cefe4902\"},\"headline\":\"PESSOAL IMTBIKE: 20 perguntas com Mart\u00edn Cebri\u00e1n\",\"datePublished\":\"2018-10-26T08:56:16+00:00\",\"dateModified\":\"2026-05-08T00:24:41+00:00\",\"mainEntityOfPage\":{\"@id\":\"https:\\\/\\\/www.imtbike.com\\\/blog\\\/pessoal-imtbike-20-perguntas-com-martin-cebrian\\\/\"},\"wordCount\":469,\"commentCount\":0,\"image\":{\"@id\":\"https:\\\/\\\/www.imtbike.com\\\/blog\\\/pessoal-imtbike-20-perguntas-com-martin-cebrian\\\/#primaryimage\"},\"thumbnailUrl\":\"https:\\\/\\\/www.imtbike.com\\\/wp-content\\\/uploads\\\/2018\\\/10\\\/MARTIN.jpg\",\"articleSection\":[\"N\u00e3o categorizado\",\"Not\u00edcia\"],\"inLanguage\":\"pt-BR\",\"potentialAction\":[{\"@type\":\"CommentAction\",\"name\":\"Comment\",\"target\":[\"https:\\\/\\\/www.imtbike.com\\\/blog\\\/pessoal-imtbike-20-perguntas-com-martin-cebrian\\\/#respond\"]}]},{\"@type\":\"WebPage\",\"@id\":\"https:\\\/\\\/www.imtbike.com\\\/blog\\\/pessoal-imtbike-20-perguntas-com-martin-cebrian\\\/\",\"url\":\"https:\\\/\\\/www.imtbike.com\\\/blog\\\/pessoal-imtbike-20-perguntas-com-martin-cebrian\\\/\",\"name\":\"PESSOAL IMTBIKE: 20 perguntas com Mart\u00edn Cebri\u00e1n - IMTBike\",\"isPartOf\":{\"@id\":\"https:\\\/\\\/www.imtbike.com\\\/#website\"},\"primaryImageOfPage\":{\"@id\":\"https:\\\/\\\/www.imtbike.com\\\/blog\\\/pessoal-imtbike-20-perguntas-com-martin-cebrian\\\/#primaryimage\"},\"image\":{\"@id\":\"https:\\\/\\\/www.imtbike.com\\\/blog\\\/pessoal-imtbike-20-perguntas-com-martin-cebrian\\\/#primaryimage\"},\"thumbnailUrl\":\"https:\\\/\\\/www.imtbike.com\\\/wp-content\\\/uploads\\\/2018\\\/10\\\/MARTIN.jpg\",\"datePublished\":\"2018-10-26T08:56:16+00:00\",\"dateModified\":\"2026-05-08T00:24:41+00:00\",\"author\":{\"@id\":\"https:\\\/\\\/www.imtbike.com\\\/#\\\/schema\\\/person\\\/c7b969696e5e374e8255c3a8cefe4902\"},\"breadcrumb\":{\"@id\":\"https:\\\/\\\/www.imtbike.com\\\/blog\\\/pessoal-imtbike-20-perguntas-com-martin-cebrian\\\/#breadcrumb\"},\"inLanguage\":\"pt-BR\",\"potentialAction\":[{\"@type\":\"ReadAction\",\"target\":[\"https:\\\/\\\/www.imtbike.com\\\/blog\\\/pessoal-imtbike-20-perguntas-com-martin-cebrian\\\/\"]}]},{\"@type\":\"ImageObject\",\"inLanguage\":\"pt-BR\",\"@id\":\"https:\\\/\\\/www.imtbike.com\\\/blog\\\/pessoal-imtbike-20-perguntas-com-martin-cebrian\\\/#primaryimage\",\"url\":\"https:\\\/\\\/www.imtbike.com\\\/wp-content\\\/uploads\\\/2018\\\/10\\\/MARTIN.jpg\",\"contentUrl\":\"https:\\\/\\\/www.imtbike.com\\\/wp-content\\\/uploads\\\/2018\\\/10\\\/MARTIN.jpg\",\"width\":800,\"height\":360,\"caption\":\"MARTIN imtbike\"},{\"@type\":\"BreadcrumbList\",\"@id\":\"https:\\\/\\\/www.imtbike.com\\\/blog\\\/pessoal-imtbike-20-perguntas-com-martin-cebrian\\\/#breadcrumb\",\"itemListElement\":[{\"@type\":\"ListItem\",\"position\":1,\"name\":\"Home\",\"item\":\"https:\\\/\\\/www.imtbike.com\\\/pt-br\\\/\"},{\"@type\":\"ListItem\",\"position\":2,\"name\":\"PESSOAL IMTBIKE: 20 perguntas com Mart\u00edn Cebri\u00e1n\"}]},{\"@type\":\"WebSite\",\"@id\":\"https:\\\/\\\/www.imtbike.com\\\/#website\",\"url\":\"https:\\\/\\\/www.imtbike.com\\\/\",\"name\":\"IMTBike\",\"description\":\"Passion for Motorcycling\",\"potentialAction\":[{\"@type\":\"SearchAction\",\"target\":{\"@type\":\"EntryPoint\",\"urlTemplate\":\"https:\\\/\\\/www.imtbike.com\\\/?s={search_term_string}\"},\"query-input\":{\"@type\":\"PropertyValueSpecification\",\"valueRequired\":true,\"valueName\":\"search_term_string\"}}],\"inLanguage\":\"pt-BR\"},{\"@type\":\"Person\",\"@id\":\"https:\\\/\\\/www.imtbike.com\\\/#\\\/schema\\\/person\\\/c7b969696e5e374e8255c3a8cefe4902\",\"name\":\"IMTBIKE Marketing\",\"image\":{\"@type\":\"ImageObject\",\"inLanguage\":\"pt-BR\",\"@id\":\"https:\\\/\\\/secure.gravatar.com\\\/avatar\\\/3e0399d329ecf43949c963992a724338dd22d89c19be895bcb3fa4fb70fa33af?s=96&d=mm&r=g\",\"url\":\"https:\\\/\\\/secure.gravatar.com\\\/avatar\\\/3e0399d329ecf43949c963992a724338dd22d89c19be895bcb3fa4fb70fa33af?s=96&d=mm&r=g\",\"contentUrl\":\"https:\\\/\\\/secure.gravatar.com\\\/avatar\\\/3e0399d329ecf43949c963992a724338dd22d89c19be895bcb3fa4fb70fa33af?s=96&d=mm&r=g\",\"caption\":\"IMTBIKE Marketing\"},\"sameAs\":[\"https:\\\/\\\/imtbike.com\"],\"url\":\"https:\\\/\\\/www.imtbike.com\\\/pt-br\\\/author\\\/imtbike\\\/\"}]}<\/script>\n<!-- \/ Yoast SEO plugin. -->","yoast_head_json":{"title":"PESSOAL IMTBIKE: 20 perguntas com Mart\u00edn Cebri\u00e1n - IMTBike","robots":{"index":"index","follow":"follow","max-snippet":"max-snippet:-1","max-image-preview":"max-image-preview:large","max-video-preview":"max-video-preview:-1"},"canonical":"https:\/\/www.imtbike.com\/blog\/pessoal-imtbike-20-perguntas-com-martin-cebrian\/","og_locale":"pt_BR","og_type":"article","og_title":"PESSOAL IMTBIKE: 20 perguntas com Mart\u00edn Cebri\u00e1n - IMTBike","og_description":":\u00a0Mart\u00edn Cebri\u00e1n Data de nascimiento:\u00a017 Mayo Ciudade de nascimiento: Barcelona,\u00a0Espanha \u00daltima turn\u00ea\u00a0: &#8220;Sardenha &amp; C\u00f3rsega&#8221; Social Media:\u00a0facebook.com\/martin.cebrian.3 1.\u00a0 Leia mais","og_url":"https:\/\/www.imtbike.com\/blog\/pessoal-imtbike-20-perguntas-com-martin-cebrian\/","og_site_name":"IMTBike","article_published_time":"2018-10-26T08:56:16+00:00","article_modified_time":"2026-05-08T00:24:41+00:00","og_image":[{"width":800,"height":360,"url":"https:\/\/www.imtbike.com\/wp-content\/uploads\/2018\/10\/MARTIN.jpg","type":"image\/jpeg"}],"author":"IMTBIKE Marketing","twitter_misc":{"Written by":"IMTBIKE Marketing","Est. reading time":"3 minutes"},"schema":{"@context":"https:\/\/schema.org","@graph":[{"@type":"Article","@id":"https:\/\/www.imtbike.com\/blog\/pessoal-imtbike-20-perguntas-com-martin-cebrian\/#article","isPartOf":{"@id":"https:\/\/www.imtbike.com\/blog\/pessoal-imtbike-20-perguntas-com-martin-cebrian\/"},"author":{"name":"IMTBIKE Marketing","@id":"https:\/\/www.imtbike.com\/#\/schema\/person\/c7b969696e5e374e8255c3a8cefe4902"},"headline":"PESSOAL IMTBIKE: 20 perguntas com Mart\u00edn Cebri\u00e1n","datePublished":"2018-10-26T08:56:16+00:00","dateModified":"2026-05-08T00:24:41+00:00","mainEntityOfPage":{"@id":"https:\/\/www.imtbike.com\/blog\/pessoal-imtbike-20-perguntas-com-martin-cebrian\/"},"wordCount":469,"commentCount":0,"image":{"@id":"https:\/\/www.imtbike.com\/blog\/pessoal-imtbike-20-perguntas-com-martin-cebrian\/#primaryimage"},"thumbnailUrl":"https:\/\/www.imtbike.com\/wp-content\/uploads\/2018\/10\/MARTIN.jpg","articleSection":["N\u00e3o categorizado","Not\u00edcia"],"inLanguage":"pt-BR","potentialAction":[{"@type":"CommentAction","name":"Comment","target":["https:\/\/www.imtbike.com\/blog\/pessoal-imtbike-20-perguntas-com-martin-cebrian\/#respond"]}]},{"@type":"WebPage","@id":"https:\/\/www.imtbike.com\/blog\/pessoal-imtbike-20-perguntas-com-martin-cebrian\/","url":"https:\/\/www.imtbike.com\/blog\/pessoal-imtbike-20-perguntas-com-martin-cebrian\/","name":"PESSOAL IMTBIKE: 20 perguntas com Mart\u00edn Cebri\u00e1n - IMTBike","isPartOf":{"@id":"https:\/\/www.imtbike.com\/#website"},"primaryImageOfPage":{"@id":"https:\/\/www.imtbike.com\/blog\/pessoal-imtbike-20-perguntas-com-martin-cebrian\/#primaryimage"},"image":{"@id":"https:\/\/www.imtbike.com\/blog\/pessoal-imtbike-20-perguntas-com-martin-cebrian\/#primaryimage"},"thumbnailUrl":"https:\/\/www.imtbike.com\/wp-content\/uploads\/2018\/10\/MARTIN.jpg","datePublished":"2018-10-26T08:56:16+00:00","dateModified":"2026-05-08T00:24:41+00:00","author":{"@id":"https:\/\/www.imtbike.com\/#\/schema\/person\/c7b969696e5e374e8255c3a8cefe4902"},"breadcrumb":{"@id":"https:\/\/www.imtbike.com\/blog\/pessoal-imtbike-20-perguntas-com-martin-cebrian\/#breadcrumb"},"inLanguage":"pt-BR","potentialAction":[{"@type":"ReadAction","target":["https:\/\/www.imtbike.com\/blog\/pessoal-imtbike-20-perguntas-com-martin-cebrian\/"]}]},{"@type":"ImageObject","inLanguage":"pt-BR","@id":"https:\/\/www.imtbike.com\/blog\/pessoal-imtbike-20-perguntas-com-martin-cebrian\/#primaryimage","url":"https:\/\/www.imtbike.com\/wp-content\/uploads\/2018\/10\/MARTIN.jpg","contentUrl":"https:\/\/www.imtbike.com\/wp-content\/uploads\/2018\/10\/MARTIN.jpg","width":800,"height":360,"caption":"MARTIN imtbike"},{"@type":"BreadcrumbList","@id":"https:\/\/www.imtbike.com\/blog\/pessoal-imtbike-20-perguntas-com-martin-cebrian\/#breadcrumb","itemListElement":[{"@type":"ListItem","position":1,"name":"Home","item":"https:\/\/www.imtbike.com\/pt-br\/"},{"@type":"ListItem","position":2,"name":"PESSOAL IMTBIKE: 20 perguntas com Mart\u00edn Cebri\u00e1n"}]},{"@type":"WebSite","@id":"https:\/\/www.imtbike.com\/#website","url":"https:\/\/www.imtbike.com\/","name":"IMTBike","description":"Passion for Motorcycling","potentialAction":[{"@type":"SearchAction","target":{"@type":"EntryPoint","urlTemplate":"https:\/\/www.imtbike.com\/?s={search_term_string}"},"query-input":{"@type":"PropertyValueSpecification","valueRequired":true,"valueName":"search_term_string"}}],"inLanguage":"pt-BR"},{"@type":"Person","@id":"https:\/\/www.imtbike.com\/#\/schema\/person\/c7b969696e5e374e8255c3a8cefe4902","name":"IMTBIKE Marketing","image":{"@type":"ImageObject","inLanguage":"pt-BR","@id":"https:\/\/secure.gravatar.com\/avatar\/3e0399d329ecf43949c963992a724338dd22d89c19be895bcb3fa4fb70fa33af?s=96&d=mm&r=g","url":"https:\/\/secure.gravatar.com\/avatar\/3e0399d329ecf43949c963992a724338dd22d89c19be895bcb3fa4fb70fa33af?s=96&d=mm&r=g","contentUrl":"https:\/\/secure.gravatar.com\/avatar\/3e0399d329ecf43949c963992a724338dd22d89c19be895bcb3fa4fb70fa33af?s=96&d=mm&r=g","caption":"IMTBIKE Marketing"},"sameAs":["https:\/\/imtbike.com"],"url":"https:\/\/www.imtbike.com\/pt-br\/author\/imtbike\/"}]}},"_links":{"self":[{"href":"https:\/\/www.imtbike.com\/pt-br\/wp-json\/wp\/v2\/posts\/14475","targetHints":{"allow":["GET"]}}],"collection":[{"href":"https:\/\/www.imtbike.com\/pt-br\/wp-json\/wp\/v2\/posts"}],"about":[{"href":"https:\/\/www.imtbike.com\/pt-br\/wp-json\/wp\/v2\/types\/post"}],"author":[{"embeddable":true,"href":"https:\/\/www.imtbike.com\/pt-br\/wp-json\/wp\/v2\/users\/21"}],"replies":[{"embeddable":true,"href":"https:\/\/www.imtbike.com\/pt-br\/wp-json\/wp\/v2\/comments?post=14475"}],"version-history":[{"count":3,"href":"https:\/\/www.imtbike.com\/pt-br\/wp-json\/wp\/v2\/posts\/14475\/revisions"}],"predecessor-version":[{"id":50302,"href":"https:\/\/www.imtbike.com\/pt-br\/wp-json\/wp\/v2\/posts\/14475\/revisions\/50302"}],"wp:featuredmedia":[{"embeddable":true,"href":"https:\/\/www.imtbike.com\/pt-br\/wp-json\/wp\/v2\/media\/16028"}],"wp:attachment":[{"href":"https:\/\/www.imtbike.com\/pt-br\/wp-json\/wp\/v2\/media?parent=14475"}],"wp:term":[{"taxonomy":"category","embeddable":true,"href":"https:\/\/www.imtbike.com\/pt-br\/wp-json\/wp\/v2\/categories?post=14475"},{"taxonomy":"post_tag","embeddable":true,"href":"https:\/\/www.imtbike.com\/pt-br\/wp-json\/wp\/v2\/tags?post=14475"}],"curies":[{"name":"wp","href":"https:\/\/api.w.org\/{rel}","templated":true}]}}