{"id":13386,"date":"2018-06-25T05:46:01","date_gmt":"2018-06-25T09:46:01","guid":{"rendered":"https:\/\/www.imtbike.com\/?p=13386"},"modified":"2024-05-22T23:45:13","modified_gmt":"2024-05-23T03:45:13","slug":"japao-novos-horizontes-martin-cebrian-bcn-director","status":"publish","type":"post","link":"https:\/\/www.imtbike.com\/pt-br\/blog\/japao-novos-horizontes-martin-cebrian-bcn-director\/","title":{"rendered":"Japao, \u201cNovos horizontes\u201d: Mart\u00edn Cebrian, BCN Director"},"content":{"rendered":"<p>Jap\u00e3o<\/p>\n<p>\u201cNovos horizontes\u201d<\/p>\n<p>Para uma empresa como a IMTBIKE, especialista na Europa mais mediterr\u00e2nea, visitar o Jap\u00e3o com o objetivo de poder oferecer ali um dos nossos Global Tours, parecia-nos mesmo muito atrativo. E o simp\u00e1tico convite de Moto Tours Japan, em colabora\u00e7\u00e3o com o governo japon\u00eas, deu-nos uma oportunidade de ouro para iniciar esse projeto.<\/p>\n<p>Mas n\u00e3o foi f\u00e1cil, voar 15 horas at\u00e9 T\u00f3quio para estar s\u00f3 3 dias e regressar, mesmo depois de acabar um tour de duas semanas pelo sul de Espanha e Portugal, que foi especialmente intenso pelo clima adverso, n\u00e3o parecia o melhor plano do mundo.<\/p>\n<p>Mas na IMTBIKE gostamos de dar a volta \u00e0s situa\u00e7\u00f5es, e tamb\u00e9m inventamos novas m\u00e1ximas. Assim, mais uma vez demonstramos que \u201cO que mal come\u00e7a, bem acaba\u201d.<\/p>\n<p>Ainda n\u00e3o tinha sa\u00eddo do avi\u00e3o que me levava at\u00e9 Madrid desde M\u00e1laga, quando o meu bom amigo Scott me telefona para me dizer que n\u00e3o perca nem um segundo a subir ao check-in, que estamos em lista de espera e ainda n\u00e3o temos assegurado o embarque no avi\u00e3o. Nunca tinha corrido tanto dentro de um aeroporto nem passado \u00e0 frente de tantas filas de espera (de forma am\u00e1vel e pedido sempre por favor, sim, que esperas? Somos guias IMTBIKE!). S\u00f3 na porta de embarque \u00e9 que me disseram que sim, que podia voar finalmente para T\u00f3quio&#8230;<\/p>\n<p>Cheg\u00e1mos um minuto, um! Antes que fechassem as portas de embarque. E ali mesmo uma simp\u00e1tica hospedeira, que me pareceu um anjo chegado diretamente do c\u00e9u, me disse que sim, que podia embarcar. E ainda por cima viajar\u00edamos em assentos cont\u00edguos!<\/p>\n<p>J\u00e1 dentro do avi\u00e3o! Ainda n\u00e3o estava a acreditar. Suados, com a respira\u00e7\u00e3o ofegante e o cora\u00e7\u00e3o ainda a 180 pulsa\u00e7\u00f5es, mas por dentro sorridentes e felizes. \u2013 Sra. Hospedeira, duas cervejas por favor, isto vale a pena celebrar!<\/p>\n<p>Temia muito o jet-lag. N\u00e3o sou capaz de dormir num avi\u00e3o e sabia que iam ser muitas horas acordado. Mas a excita\u00e7\u00e3o de chegar ao pa\u00eds do sol nascente na companhia de um bom amigo, mantinha-me bem desperto.<\/p>\n<p>Encontr\u00e1mo-nos em Odaba, nas instala\u00e7\u00f5es da T\u00f3quio Rental 819, a empresa de alugueres irm\u00e3 dos nossos anfitri\u00f5es, com um staff simpatiqu\u00edssimo que tinha muita vontade em fazer um bom trabalho. Apesar de j\u00e1 ter trabalhado anteriormente com japoneses na minha etapa como jornalista testador para revistas de motos, desta vez foi uma verdadeira imers\u00e3o no fascinante caracter japon\u00eas. Uma mistura maravilhosa de educa\u00e7\u00e3o, dedica\u00e7\u00e3o e profissionalidade. Isso foi evidente desde o primeiro momento quando vimos o feliz e c\u00f3modos que se sentiam com o nosso caracter digamos, mais mediterr\u00e2neo. O apre\u00e7o era mutuo, n\u00e3o havia duvidas.<\/p>\n<p>Depois de um breve e divertido briefing de apresenta\u00e7\u00e3o da equipa e do tour, fomos jantar juntos a um restaurante t\u00edpico, que marcou o in\u00edcio de uma sequ\u00eancia id\u00edlica do melhor sushi que j\u00e1 comi. E continuou nos dias seguintes! Felizmente desta vez, ao contr\u00e1rio de outras, sim, havia um espa\u00e7o onde colocar as pernas debaixo da mesa. Coisa que muito agradeceram os meus joelhos, castigados por les\u00f5es anteriores.<\/p>\n<p>O tour desenvolveu-se durante tr\u00eas jornadas, basicamente nos arredores do maior \u00edcone do pa\u00eds, o Monte Fuji. E nem sequer t\u00ea-lo visto antes em mil e uma fotos retirou um pouco da majestosidade esta montanha m\u00e1gica. Tivemos muita sorte em que o clima nos ofereceu uma visibilidade excelente (os nossos amigos japoneses nunca se cansaram de o repetir) e pudemos disfrutar de todo o seu esplendor.<\/p>\n<p>Depois de uma complicada sa\u00edda de T\u00f3quio por autoestradas com tr\u00e1fego denso e portagens de pagamento autom\u00e1tico (com o sistema ETC que todas as nossas motos incorporavam), por fim iniciamos o percurso por estradas secund\u00e1rias de montanha. Algumas realmente bonitas e divertidas.<\/p>\n<p>Nesse momento j\u00e1 todos est\u00e1vamos c\u00f3modos com a condu\u00e7\u00e3o pela faixa da esquerda, apesar de sentir que nunca nos podemos relaxar. Principalmente depois de arrancar ap\u00f3s um tempo estacionados.<\/p>\n<p>Desta vez a \u00e1rea que percorremos foi pequena em extens\u00e3o, \u00e9 certo que os nossos novos s\u00f3cios fizeram um trabalho fant\u00e1stico na escolha de estradas e pudemos disfrutar muito das duas fant\u00e1sticas R1200 GS.<\/p>\n<p>A rota estava salpicada por algumas paragens que nos permitiram conhecer mais da cultura local. Foi o caso do artesanato tradicional de trabalhos em madeira com a t\u00e9cnica de Marchetaria de Hakone Yosegi ZaiKu, um exemplo perfeito da filosofia nip\u00f3nica aplicada ao trabalho: tradi\u00e7\u00e3o, qualidade, precis\u00e3o, orgulho&#8230; Tudo exemplificado numa multitude de objetos quotidianos entre os quase sobressaem as Caixas M\u00e1gicas, com movimentos secretos de abertura na sua estrutura. Alguns simples, como os que eu e o Scott compr\u00e1mos para as nossas filhas, alguns com muitas combina\u00e7\u00f5es.<\/p>\n<p>Depois de uns bons tro\u00e7os de divertidas estradas de montanha pela serra que rodeia o bel\u00edssimo lago Ashi (Ashinoko), ainda nos faltava uma paragem em Houtou para almo\u00e7ar uns t\u00edpicos e deliciosos noodles gigantes e uma visita \u00e0 pequena aldeia de Oshino Hakkai, com casas de constru\u00e7\u00e3o tradicional e tanques relaxantes.<\/p>\n<p>O segundo dia come\u00e7ou com uma visita em telef\u00e9rico ao miradouro de Owakudani, passando por cima dos vapores vulc\u00e2nicos que ainda saem da montanha e que pintam de negro os famosos \u201covos negros\u201d que oferecem no seu cume.<\/p>\n<p>Uma paisagem que muitas vezes nos parecia alpino, mas sempre com a omnipresen\u00e7a do Monte Fuji, como um grande deus protegendo-nos e vigiando-nos.<\/p>\n<p>No \u00faltimo dia foi diferente, a paisagem foi-se alterando enquanto nos acerc\u00e1vamos do nosso alojamento t\u00edpico junto ao mar, junto a uma costa agreste e cheia de beleza. O extraordin\u00e1rio e hospitaleiro acolhimento que nos fizeram no hotel, sobre os penhascos de Dogashima, com uma comitiva colorida e numerosa que nos fez sentir importantes, como se fossemos as delega\u00e7\u00f5es oficiais dos pa\u00edses que represent\u00e1vamos. Pela noite, uma vez mais volt\u00e1mos a rir-nos, vestidos pera a ocasi\u00e3o com os tradicionais kimonos que tinham preparado para n\u00f3s. Um bonito costume que iguala todos em frente \u00e0 mesa. Uma performance de tambores tradicionais e um jantar abundante fecharam a noite.<\/p>\n<p>Antes de chegarmos ainda nos faltava, uma visita a uma f\u00e1brica de wasabi, onde tivemos a oportunidade de fazer o nosso pr\u00f3prio wasabi com as nossas m\u00e3os e mesmo provar um curioso gelado de wasabi. Tamb\u00e9m fizemos um tro\u00e7o divertid\u00edssimo numa estrada local perfeita para motos protegida por um frondoso bosque, e como grande final, antes de regressar a T\u00f3quio de novo por autoestrada, um almo\u00e7o numa ativa popula\u00e7\u00e3o pesqueira, em pleno mercado, com um peixe de alt\u00edssima qualidade.<\/p>\n<p>Em definitivo, uma viagem muito r\u00e1pida, bastante louca, mas no final, muito divertida, que nos deixou bem gravado que queremos voltar a conhecer muito mais deste pa\u00eds maravilhoso e da sua cultura.<\/p>\n<p>Vens connosco da pr\u00f3xima vez?<\/p>\n<p><a href=\"https:\/\/www.imtbike.com\/be\/wp-content\/uploads\/2018\/06\/japon2.png\" rel=\"attachment wp-att-13384\"><img decoding=\"async\" loading=\"lazy\" class=\"alignnone size-medium wp-image-13384\" src=\"https:\/\/www.imtbike.com\/be\/wp-content\/uploads\/2018\/06\/japon2-300x250.png\" alt=\"japon2\" width=\"300\" height=\"250\" \/><\/a> <a href=\"https:\/\/www.imtbike.com\/be\/wp-content\/uploads\/2018\/06\/foto1.png\" rel=\"attachment wp-att-13383\"><img decoding=\"async\" loading=\"lazy\" class=\"alignnone size-medium wp-image-13383\" src=\"https:\/\/www.imtbike.com\/be\/wp-content\/uploads\/2018\/06\/foto1-300x250.png\" alt=\"foto1\" width=\"300\" height=\"250\" srcset=\"https:\/\/www.imtbike.com\/be\/wp-content\/uploads\/2018\/06\/foto1-300x250.png 300w, https:\/\/www.imtbike.com\/be\/wp-content\/uploads\/2018\/06\/foto1.png 600w\" sizes=\"(max-width: 300px) 100vw, 300px\" \/><\/a><\/p>\n<p>Mart\u00edn Cebri\u00e1n<\/p>\n<p><em>BCN Office Director, Guides Director &amp; Route Designer<\/em><\/p>\n","protected":false},"excerpt":{"rendered":"<p>Jap\u00e3o<\/p>\n<p>\u201cNovos horizontes\u201d<\/p>\n<p>Para uma empresa como a IMTBIKE, especialista na Europa mais mediterr\u00e2nea, visitar o Jap\u00e3o com o objetivo de poder oferecer ali um dos nossos Global Tours,<\/p>\n<p> <a class=\"read-more\" href=\"https:\/\/www.imtbike.com\/pt-br\/blog\/japao-novos-horizontes-martin-cebrian-bcn-director\/\"> Read More<\/a><\/p>\n","protected":false},"author":16,"featured_media":0,"comment_status":"open","ping_status":"open","sticky":false,"template":"","format":"standard","meta":{"footnotes":"","_jetpack_memberships_contains_paid_content":false},"categories":[92,13,91],"tags":[],"acf":[],"yoast_head":"<!-- This site is optimized with the Yoast SEO plugin v22.6 - https:\/\/yoast.com\/wordpress\/plugins\/seo\/ -->\n<title>Japao, \u201cNovos horizontes\u201d: Mart\u00edn Cebrian, BCN Director - IMTBike<\/title>\n<meta name=\"robots\" content=\"index, follow, max-snippet:-1, max-image-preview:large, max-video-preview:-1\" \/>\n<link rel=\"canonical\" href=\"https:\/\/www.imtbike.com\/blog\/japao-novos-horizontes-martin-cebrian-bcn-director\/\" \/>\n<meta property=\"og:locale\" content=\"pt_BR\" \/>\n<meta property=\"og:type\" content=\"article\" \/>\n<meta property=\"og:title\" content=\"Japao, \u201cNovos horizontes\u201d: Mart\u00edn Cebrian, BCN Director - IMTBike\" \/>\n<meta property=\"og:description\" content=\"Jap\u00e3o \u201cNovos horizontes\u201d Para uma empresa como a IMTBIKE, especialista na Europa mais mediterr\u00e2nea, visitar o Jap\u00e3o com o objetivo de poder oferecer ali um dos nossos Global Tours, Read More\" \/>\n<meta property=\"og:url\" content=\"https:\/\/www.imtbike.com\/blog\/japao-novos-horizontes-martin-cebrian-bcn-director\/\" \/>\n<meta property=\"og:site_name\" content=\"IMTBike\" \/>\n<meta property=\"article:published_time\" content=\"2018-06-25T09:46:01+00:00\" \/>\n<meta property=\"article:modified_time\" content=\"2024-05-23T03:45:13+00:00\" \/>\n<meta property=\"og:image\" content=\"https:\/\/www.imtbike.com\/be\/wp-content\/uploads\/2018\/06\/japon2-300x250.png\" \/>\n<meta name=\"author\" content=\"Marina\" \/>\n<meta name=\"twitter:label1\" content=\"Written by\" \/>\n\t<meta name=\"twitter:data1\" content=\"Marina\" \/>\n\t<meta name=\"twitter:label2\" content=\"Est. reading time\" \/>\n\t<meta name=\"twitter:data2\" content=\"6 minutes\" \/>\n<script type=\"application\/ld+json\" class=\"yoast-schema-graph\">{\"@context\":\"https:\/\/schema.org\",\"@graph\":[{\"@type\":\"WebPage\",\"@id\":\"https:\/\/www.imtbike.com\/blog\/japao-novos-horizontes-martin-cebrian-bcn-director\/\",\"url\":\"https:\/\/www.imtbike.com\/blog\/japao-novos-horizontes-martin-cebrian-bcn-director\/\",\"name\":\"Japao, \u201cNovos horizontes\u201d: Mart\u00edn Cebrian, BCN Director - IMTBike\",\"isPartOf\":{\"@id\":\"https:\/\/www.imtbike.com\/#website\"},\"primaryImageOfPage\":{\"@id\":\"https:\/\/www.imtbike.com\/blog\/japao-novos-horizontes-martin-cebrian-bcn-director\/#primaryimage\"},\"image\":{\"@id\":\"https:\/\/www.imtbike.com\/blog\/japao-novos-horizontes-martin-cebrian-bcn-director\/#primaryimage\"},\"thumbnailUrl\":\"https:\/\/www.imtbike.com\/be\/wp-content\/uploads\/2018\/06\/japon2-300x250.png\",\"datePublished\":\"2018-06-25T09:46:01+00:00\",\"dateModified\":\"2024-05-23T03:45:13+00:00\",\"author\":{\"@id\":\"https:\/\/www.imtbike.com\/#\/schema\/person\/ee86f94d59af72a09fd4d780e75d3db9\"},\"breadcrumb\":{\"@id\":\"https:\/\/www.imtbike.com\/blog\/japao-novos-horizontes-martin-cebrian-bcn-director\/#breadcrumb\"},\"inLanguage\":\"pt-BR\",\"potentialAction\":[{\"@type\":\"ReadAction\",\"target\":[\"https:\/\/www.imtbike.com\/blog\/japao-novos-horizontes-martin-cebrian-bcn-director\/\"]}]},{\"@type\":\"ImageObject\",\"inLanguage\":\"pt-BR\",\"@id\":\"https:\/\/www.imtbike.com\/blog\/japao-novos-horizontes-martin-cebrian-bcn-director\/#primaryimage\",\"url\":\"https:\/\/www.imtbike.com\/be\/wp-content\/uploads\/2018\/06\/japon2-300x250.png\",\"contentUrl\":\"https:\/\/www.imtbike.com\/be\/wp-content\/uploads\/2018\/06\/japon2-300x250.png\"},{\"@type\":\"BreadcrumbList\",\"@id\":\"https:\/\/www.imtbike.com\/blog\/japao-novos-horizontes-martin-cebrian-bcn-director\/#breadcrumb\",\"itemListElement\":[{\"@type\":\"ListItem\",\"position\":1,\"name\":\"Home\",\"item\":\"https:\/\/www.imtbike.com\/\"},{\"@type\":\"ListItem\",\"position\":2,\"name\":\"Japao, \u201cNovos horizontes\u201d: Mart\u00edn Cebrian, BCN Director\"}]},{\"@type\":\"WebSite\",\"@id\":\"https:\/\/www.imtbike.com\/#website\",\"url\":\"https:\/\/www.imtbike.com\/\",\"name\":\"IMTBike\",\"description\":\"Passion for Motorcycling\",\"potentialAction\":[{\"@type\":\"SearchAction\",\"target\":{\"@type\":\"EntryPoint\",\"urlTemplate\":\"https:\/\/www.imtbike.com\/?s={search_term_string}\"},\"query-input\":\"required name=search_term_string\"}],\"inLanguage\":\"pt-BR\"},{\"@type\":\"Person\",\"@id\":\"https:\/\/www.imtbike.com\/#\/schema\/person\/ee86f94d59af72a09fd4d780e75d3db9\",\"name\":\"Marina\",\"image\":{\"@type\":\"ImageObject\",\"inLanguage\":\"pt-BR\",\"@id\":\"https:\/\/www.imtbike.com\/#\/schema\/person\/image\/\",\"url\":\"https:\/\/secure.gravatar.com\/avatar\/79a6604db85b325c6276d8fde2718f63?s=96&d=mm&r=g\",\"contentUrl\":\"https:\/\/secure.gravatar.com\/avatar\/79a6604db85b325c6276d8fde2718f63?s=96&d=mm&r=g\",\"caption\":\"Marina\"},\"url\":\"https:\/\/www.imtbike.com\/pt-br\/author\/imtbikemarina\/\"}]}<\/script>\n<!-- \/ Yoast SEO plugin. -->","yoast_head_json":{"title":"Japao, \u201cNovos horizontes\u201d: Mart\u00edn Cebrian, BCN Director - IMTBike","robots":{"index":"index","follow":"follow","max-snippet":"max-snippet:-1","max-image-preview":"max-image-preview:large","max-video-preview":"max-video-preview:-1"},"canonical":"https:\/\/www.imtbike.com\/blog\/japao-novos-horizontes-martin-cebrian-bcn-director\/","og_locale":"pt_BR","og_type":"article","og_title":"Japao, \u201cNovos horizontes\u201d: Mart\u00edn Cebrian, BCN Director - IMTBike","og_description":"Jap\u00e3o \u201cNovos horizontes\u201d Para uma empresa como a IMTBIKE, especialista na Europa mais mediterr\u00e2nea, visitar o Jap\u00e3o com o objetivo de poder oferecer ali um dos nossos Global Tours, Read More","og_url":"https:\/\/www.imtbike.com\/blog\/japao-novos-horizontes-martin-cebrian-bcn-director\/","og_site_name":"IMTBike","article_published_time":"2018-06-25T09:46:01+00:00","article_modified_time":"2024-05-23T03:45:13+00:00","og_image":[{"url":"https:\/\/www.imtbike.com\/be\/wp-content\/uploads\/2018\/06\/japon2-300x250.png"}],"author":"Marina","twitter_misc":{"Written by":"Marina","Est. reading time":"6 minutes"},"schema":{"@context":"https:\/\/schema.org","@graph":[{"@type":"WebPage","@id":"https:\/\/www.imtbike.com\/blog\/japao-novos-horizontes-martin-cebrian-bcn-director\/","url":"https:\/\/www.imtbike.com\/blog\/japao-novos-horizontes-martin-cebrian-bcn-director\/","name":"Japao, \u201cNovos horizontes\u201d: Mart\u00edn Cebrian, BCN Director - IMTBike","isPartOf":{"@id":"https:\/\/www.imtbike.com\/#website"},"primaryImageOfPage":{"@id":"https:\/\/www.imtbike.com\/blog\/japao-novos-horizontes-martin-cebrian-bcn-director\/#primaryimage"},"image":{"@id":"https:\/\/www.imtbike.com\/blog\/japao-novos-horizontes-martin-cebrian-bcn-director\/#primaryimage"},"thumbnailUrl":"https:\/\/www.imtbike.com\/be\/wp-content\/uploads\/2018\/06\/japon2-300x250.png","datePublished":"2018-06-25T09:46:01+00:00","dateModified":"2024-05-23T03:45:13+00:00","author":{"@id":"https:\/\/www.imtbike.com\/#\/schema\/person\/ee86f94d59af72a09fd4d780e75d3db9"},"breadcrumb":{"@id":"https:\/\/www.imtbike.com\/blog\/japao-novos-horizontes-martin-cebrian-bcn-director\/#breadcrumb"},"inLanguage":"pt-BR","potentialAction":[{"@type":"ReadAction","target":["https:\/\/www.imtbike.com\/blog\/japao-novos-horizontes-martin-cebrian-bcn-director\/"]}]},{"@type":"ImageObject","inLanguage":"pt-BR","@id":"https:\/\/www.imtbike.com\/blog\/japao-novos-horizontes-martin-cebrian-bcn-director\/#primaryimage","url":"https:\/\/www.imtbike.com\/be\/wp-content\/uploads\/2018\/06\/japon2-300x250.png","contentUrl":"https:\/\/www.imtbike.com\/be\/wp-content\/uploads\/2018\/06\/japon2-300x250.png"},{"@type":"BreadcrumbList","@id":"https:\/\/www.imtbike.com\/blog\/japao-novos-horizontes-martin-cebrian-bcn-director\/#breadcrumb","itemListElement":[{"@type":"ListItem","position":1,"name":"Home","item":"https:\/\/www.imtbike.com\/"},{"@type":"ListItem","position":2,"name":"Japao, \u201cNovos horizontes\u201d: Mart\u00edn Cebrian, BCN Director"}]},{"@type":"WebSite","@id":"https:\/\/www.imtbike.com\/#website","url":"https:\/\/www.imtbike.com\/","name":"IMTBike","description":"Passion for Motorcycling","potentialAction":[{"@type":"SearchAction","target":{"@type":"EntryPoint","urlTemplate":"https:\/\/www.imtbike.com\/?s={search_term_string}"},"query-input":"required name=search_term_string"}],"inLanguage":"pt-BR"},{"@type":"Person","@id":"https:\/\/www.imtbike.com\/#\/schema\/person\/ee86f94d59af72a09fd4d780e75d3db9","name":"Marina","image":{"@type":"ImageObject","inLanguage":"pt-BR","@id":"https:\/\/www.imtbike.com\/#\/schema\/person\/image\/","url":"https:\/\/secure.gravatar.com\/avatar\/79a6604db85b325c6276d8fde2718f63?s=96&d=mm&r=g","contentUrl":"https:\/\/secure.gravatar.com\/avatar\/79a6604db85b325c6276d8fde2718f63?s=96&d=mm&r=g","caption":"Marina"},"url":"https:\/\/www.imtbike.com\/pt-br\/author\/imtbikemarina\/"}]}},"jetpack_sharing_enabled":true,"jetpack_featured_media_url":"","_links":{"self":[{"href":"https:\/\/www.imtbike.com\/pt-br\/wp-json\/wp\/v2\/posts\/13386"}],"collection":[{"href":"https:\/\/www.imtbike.com\/pt-br\/wp-json\/wp\/v2\/posts"}],"about":[{"href":"https:\/\/www.imtbike.com\/pt-br\/wp-json\/wp\/v2\/types\/post"}],"author":[{"embeddable":true,"href":"https:\/\/www.imtbike.com\/pt-br\/wp-json\/wp\/v2\/users\/16"}],"replies":[{"embeddable":true,"href":"https:\/\/www.imtbike.com\/pt-br\/wp-json\/wp\/v2\/comments?post=13386"}],"version-history":[{"count":2,"href":"https:\/\/www.imtbike.com\/pt-br\/wp-json\/wp\/v2\/posts\/13386\/revisions"}],"predecessor-version":[{"id":43640,"href":"https:\/\/www.imtbike.com\/pt-br\/wp-json\/wp\/v2\/posts\/13386\/revisions\/43640"}],"wp:attachment":[{"href":"https:\/\/www.imtbike.com\/pt-br\/wp-json\/wp\/v2\/media?parent=13386"}],"wp:term":[{"taxonomy":"category","embeddable":true,"href":"https:\/\/www.imtbike.com\/pt-br\/wp-json\/wp\/v2\/categories?post=13386"},{"taxonomy":"post_tag","embeddable":true,"href":"https:\/\/www.imtbike.com\/pt-br\/wp-json\/wp\/v2\/tags?post=13386"}],"curies":[{"name":"wp","href":"https:\/\/api.w.org\/{rel}","templated":true}]}}