{"id":11248,"date":"2017-07-12T05:46:31","date_gmt":"2017-07-12T09:46:31","guid":{"rendered":"https:\/\/www.imtbike.com\/?p=11248"},"modified":"2017-07-12T05:46:31","modified_gmt":"2017-07-12T09:46:31","slug":"desafio-dado-desafio-aceito","status":"publish","type":"post","link":"https:\/\/www.imtbike.com\/pt-br\/blog\/desafio-dado-desafio-aceito\/","title":{"rendered":"Desafio dado, desafio aceito."},"content":{"rendered":"<p><a href=\"https:\/\/www.imtbike.com\/be\/wp-content\/uploads\/2017\/07\/foto1-1.jpg\" rel=\"attachment wp-att-11250\"><img decoding=\"async\" loading=\"lazy\" class=\"alignnone size-medium wp-image-11250\" src=\"https:\/\/www.imtbike.com\/be\/wp-content\/uploads\/2017\/07\/foto1-1-300x199.jpg\" alt=\"foto1\" width=\"300\" height=\"199\" srcset=\"https:\/\/www.imtbike.com\/be\/wp-content\/uploads\/2017\/07\/foto1-1-300x199.jpg 300w, https:\/\/www.imtbike.com\/be\/wp-content\/uploads\/2017\/07\/foto1-1-1024x678.jpg 1024w, https:\/\/www.imtbike.com\/be\/wp-content\/uploads\/2017\/07\/foto1-1-768x509.jpg 768w, https:\/\/www.imtbike.com\/be\/wp-content\/uploads\/2017\/07\/foto1-1-1536x1017.jpg 1536w, https:\/\/www.imtbike.com\/be\/wp-content\/uploads\/2017\/07\/foto1-1-2048x1356.jpg 2048w\" sizes=\"(max-width: 300px) 100vw, 300px\" \/><\/a><\/p>\n<p>At\u00e9 ent\u00e3o, nunca tinha subido em uma motocicleta quando meu marido chegou com a id\u00e9ia: <strong>Desafio BMW PuntaAPunta<\/strong>, cruzando a Espanha do Atl\u00e2ntico ao Mediterr\u00e2neo em 3 dias. Topei na hora.<\/p>\n<p><strong>Dia 1 \u2013 \u00c1vila \u2013 Santo\u00f1a \u2013 450km<\/strong><\/p>\n<p>O primeiro trecho antes do in\u00edcio do evento PuntAPunta\u00a0 era pra sentir a moto e pegar ritmo de viagem. O medo deu lugar a sensa\u00e7\u00e3o de liberdade, vento na cara, intera\u00e7\u00e3o sensorial total com bel\u00edssimas paisagens. A inseguran\u00e7a se transformou em confian\u00e7a, corpo a corpo e sintonia perfeita com meu piloto parceiro refor\u00e7ando os la\u00e7os e a intimidade.<\/p>\n<p><a href=\"https:\/\/www.imtbike.com\/be\/wp-content\/uploads\/2017\/07\/foto2-1.jpg\" rel=\"attachment wp-att-11251\"><img decoding=\"async\" loading=\"lazy\" class=\"alignnone size-medium wp-image-11251\" src=\"https:\/\/www.imtbike.com\/be\/wp-content\/uploads\/2017\/07\/foto2-1-300x199.jpg\" alt=\"foto2\" width=\"300\" height=\"199\" srcset=\"https:\/\/www.imtbike.com\/be\/wp-content\/uploads\/2017\/07\/foto2-1-300x199.jpg 300w, https:\/\/www.imtbike.com\/be\/wp-content\/uploads\/2017\/07\/foto2-1-1024x678.jpg 1024w, https:\/\/www.imtbike.com\/be\/wp-content\/uploads\/2017\/07\/foto2-1-768x509.jpg 768w, https:\/\/www.imtbike.com\/be\/wp-content\/uploads\/2017\/07\/foto2-1-1536x1017.jpg 1536w, https:\/\/www.imtbike.com\/be\/wp-content\/uploads\/2017\/07\/foto2-1-2048x1356.jpg 2048w\" sizes=\"(max-width: 300px) 100vw, 300px\" \/><\/a> <a href=\"https:\/\/www.imtbike.com\/be\/wp-content\/uploads\/2017\/07\/foto3-1.jpg\" rel=\"attachment wp-att-11252\"><img decoding=\"async\" loading=\"lazy\" class=\"alignnone size-medium wp-image-11252\" src=\"https:\/\/www.imtbike.com\/be\/wp-content\/uploads\/2017\/07\/foto3-1-300x200.jpg\" alt=\"foto3\" width=\"300\" height=\"200\" srcset=\"https:\/\/www.imtbike.com\/be\/wp-content\/uploads\/2017\/07\/foto3-1-300x200.jpg 300w, https:\/\/www.imtbike.com\/be\/wp-content\/uploads\/2017\/07\/foto3-1-1024x682.jpg 1024w, https:\/\/www.imtbike.com\/be\/wp-content\/uploads\/2017\/07\/foto3-1-768x512.jpg 768w, https:\/\/www.imtbike.com\/be\/wp-content\/uploads\/2017\/07\/foto3-1-1536x1023.jpg 1536w, https:\/\/www.imtbike.com\/be\/wp-content\/uploads\/2017\/07\/foto3-1-2048x1365.jpg 2048w, https:\/\/www.imtbike.com\/be\/wp-content\/uploads\/2017\/07\/foto3-1-272x182.jpg 272w\" sizes=\"(max-width: 300px) 100vw, 300px\" \/><\/a><\/p>\n<p>Se pairava alguma d\u00favida, foi embora nas curvas sinuosas dos vales que cortamos\u00a0 e veio a certeza de que os caminhos pela frente seriam um espet\u00e1culo, ainda mais com essa dupla perfeita de amigos.<\/p>\n<p><strong>Dia 2 \u2013 Santo\u00f1a \u2013 Santander \u2013 60km<\/strong><strong>\u00a0<\/strong><\/p>\n<p>Segundo dia com chuva, mas em paz no pequeno trecho de Santo\u00f1a a Santander. Fizemos nossa apresenta\u00e7\u00e3o no ponto de sa\u00edda do evento: emo\u00e7\u00e3o pura! Muitas motos, entrega do RoadBook com as rotas, a adrenalina subiu&#8230; Agora sim, estamos no evento! Frio na barriga, mas vamos que vamos!<\/p>\n<p>Aproveitamos a tarde para conhecer a cidade, comer, beber e descansar por que no dia seguinte nos esperavam grandes surpresas.<\/p>\n<p><a href=\"https:\/\/www.imtbike.com\/be\/wp-content\/uploads\/2017\/07\/foto4.jpg\" rel=\"attachment wp-att-11253\"><img decoding=\"async\" loading=\"lazy\" class=\"alignnone size-medium wp-image-11253\" src=\"https:\/\/www.imtbike.com\/be\/wp-content\/uploads\/2017\/07\/foto4-300x200.jpg\" alt=\"foto4\" width=\"300\" height=\"200\" srcset=\"https:\/\/www.imtbike.com\/be\/wp-content\/uploads\/2017\/07\/foto4-300x200.jpg 300w, https:\/\/www.imtbike.com\/be\/wp-content\/uploads\/2017\/07\/foto4-1024x683.jpg 1024w, https:\/\/www.imtbike.com\/be\/wp-content\/uploads\/2017\/07\/foto4-768x512.jpg 768w, https:\/\/www.imtbike.com\/be\/wp-content\/uploads\/2017\/07\/foto4-1536x1024.jpg 1536w, https:\/\/www.imtbike.com\/be\/wp-content\/uploads\/2017\/07\/foto4-2048x1365.jpg 2048w, https:\/\/www.imtbike.com\/be\/wp-content\/uploads\/2017\/07\/foto4-272x182.jpg 272w\" sizes=\"(max-width: 300px) 100vw, 300px\" \/><\/a> <a href=\"https:\/\/www.imtbike.com\/be\/wp-content\/uploads\/2017\/07\/foto5.jpg\" rel=\"attachment wp-att-11254\"><img decoding=\"async\" loading=\"lazy\" class=\"alignnone size-medium wp-image-11254\" src=\"https:\/\/www.imtbike.com\/be\/wp-content\/uploads\/2017\/07\/foto5-300x199.jpg\" alt=\"foto5\" width=\"300\" height=\"199\" srcset=\"https:\/\/www.imtbike.com\/be\/wp-content\/uploads\/2017\/07\/foto5-300x199.jpg 300w, https:\/\/www.imtbike.com\/be\/wp-content\/uploads\/2017\/07\/foto5-1024x678.jpg 1024w, https:\/\/www.imtbike.com\/be\/wp-content\/uploads\/2017\/07\/foto5-768x509.jpg 768w, https:\/\/www.imtbike.com\/be\/wp-content\/uploads\/2017\/07\/foto5-1536x1017.jpg 1536w, https:\/\/www.imtbike.com\/be\/wp-content\/uploads\/2017\/07\/foto5-2048x1356.jpg 2048w\" sizes=\"(max-width: 300px) 100vw, 300px\" \/><\/a><\/p>\n<p><strong>Dia 3 \u2013 Santander \u2013 Seg\u00f3via \u2013 400km\u00a0<\/strong><\/p>\n<p>Sa\u00edmos de Santander com muita chuva e fomos surpreendidos no caminho por uma queda brusca de temperatura que chegou aos escalofriantes 5 graus com chuva e neblina, luvas e botas molhadas, vento forte&#8230;<\/p>\n<p>Tivemos que parar pelo frio, desconforto e tremedeira, j\u00e1 estava beirando a hipotermia. Buscamos uma cafeteria, corri para o banheiro para colocar mais roupas t\u00e9rmicas e me aquecer no secador de m\u00e3os \u2013 imaginem a cena. Depois de um bom caf\u00e9 quentinho, seguimos viagem.<\/p>\n<p>Quando nos afastamos da Serra da Cant\u00e1bria o tempo melhorou e o sol saiu. Seguimos por uma estrada de barro com cascalho, bem encharcado, motos patinando, alguns ca\u00edram &#8230; sa\u00edmos muito bem. A tal suspens\u00e3o eletr\u00f4nica da BMW GS 1200 fez a diferen\u00e7a, junto com meu marido-piloto. No meio do caminho, quando o capacete parecia pesar uma tonelada e a coluna j\u00e1 cansada de tanta estrada, achamos um lugarzinho fant\u00e1stico no meio do nada onde secamos luvas e botas, saboreamos uma culin\u00e1ria t\u00edpica de Castilla &amp; Le\u00f3n e voltamos renovados pra concluir nosso percurso at\u00e9 Seg\u00f3via, onde tivemos uma merecida compensa\u00e7\u00e3o com a vista maravilhosa da chegada cidade. Um bom vinho\u00a0\u00a0pra relaxar um pouco pra seguir a aventura.<\/p>\n<p><a href=\"https:\/\/www.imtbike.com\/be\/wp-content\/uploads\/2017\/07\/foto6.jpg\" rel=\"attachment wp-att-11255\"><img decoding=\"async\" loading=\"lazy\" class=\"alignnone size-medium wp-image-11255\" src=\"https:\/\/www.imtbike.com\/be\/wp-content\/uploads\/2017\/07\/foto6-169x300.jpg\" alt=\"foto6\" width=\"169\" height=\"300\" srcset=\"https:\/\/www.imtbike.com\/be\/wp-content\/uploads\/2017\/07\/foto6-169x300.jpg 169w, https:\/\/www.imtbike.com\/be\/wp-content\/uploads\/2017\/07\/foto6-576x1024.jpg 576w, https:\/\/www.imtbike.com\/be\/wp-content\/uploads\/2017\/07\/foto6-768x1365.jpg 768w, https:\/\/www.imtbike.com\/be\/wp-content\/uploads\/2017\/07\/foto6-864x1536.jpg 864w, https:\/\/www.imtbike.com\/be\/wp-content\/uploads\/2017\/07\/foto6.jpg 1152w\" sizes=\"(max-width: 169px) 100vw, 169px\" \/><\/a> <a href=\"https:\/\/www.imtbike.com\/be\/wp-content\/uploads\/2017\/07\/foto7.jpg\" rel=\"attachment wp-att-11256\"><img decoding=\"async\" loading=\"lazy\" class=\"alignnone size-medium wp-image-11256\" src=\"https:\/\/www.imtbike.com\/be\/wp-content\/uploads\/2017\/07\/foto7-225x300.jpg\" alt=\"foto7\" width=\"225\" height=\"300\" srcset=\"https:\/\/www.imtbike.com\/be\/wp-content\/uploads\/2017\/07\/foto7-225x300.jpg 225w, https:\/\/www.imtbike.com\/be\/wp-content\/uploads\/2017\/07\/foto7-768x1024.jpg 768w, https:\/\/www.imtbike.com\/be\/wp-content\/uploads\/2017\/07\/foto7-1152x1536.jpg 1152w, https:\/\/www.imtbike.com\/be\/wp-content\/uploads\/2017\/07\/foto7.jpg 1536w\" sizes=\"(max-width: 225px) 100vw, 225px\" \/><\/a><\/p>\n<p><strong>Dia 4 \u2013 Seg\u00f3via \u2013 Ciudad Real \u2013 350km<\/strong><\/p>\n<p>O velho clich\u00ea: depois da tempestade sempre vem a bonan\u00e7a. E assim foi o dia. Sa\u00edmos com 4 graus devidamente aquecidos e chegamos com um dia lindo com 27 graus em Ciudad Real. Estradas e caminhos surpreendentes mas sem grandes surpresas. Em m\u00e9dia, quase nove horas na moto\u00a0mas sem sofrimento. A gente se habitua, curte cada vez mais, se surpreende e quer ainda mais. Um dos segredos: companhia. Faz toda a diferen\u00e7a. Est\u00e1vamos bem afinados!<\/p>\n<p>O evento movimentou a cidade e a plaza mayor estava uma festa. Carimbamos nossos passaportes do PuntAPunta e seguimos para Puertollano, a cidade mais pr\u00f3xima em que encontramos hospedagem. Uma beleza de <em>pueblo<\/em>\u00a0 onde desfrutamos de uma excelente culin\u00e1ria, bom vinho e excelente Gin Tonica.<\/p>\n<p>Prontos e renovados pro trecho final!<\/p>\n<p><a href=\"https:\/\/www.imtbike.com\/be\/wp-content\/uploads\/2017\/07\/foto8.jpg\" rel=\"attachment wp-att-11257\"><img decoding=\"async\" loading=\"lazy\" class=\"alignnone size-medium wp-image-11257\" src=\"https:\/\/www.imtbike.com\/be\/wp-content\/uploads\/2017\/07\/foto8-169x300.jpg\" alt=\"foto8\" width=\"169\" height=\"300\" srcset=\"https:\/\/www.imtbike.com\/be\/wp-content\/uploads\/2017\/07\/foto8-169x300.jpg 169w, https:\/\/www.imtbike.com\/be\/wp-content\/uploads\/2017\/07\/foto8-576x1024.jpg 576w, https:\/\/www.imtbike.com\/be\/wp-content\/uploads\/2017\/07\/foto8-768x1365.jpg 768w, https:\/\/www.imtbike.com\/be\/wp-content\/uploads\/2017\/07\/foto8-864x1536.jpg 864w, https:\/\/www.imtbike.com\/be\/wp-content\/uploads\/2017\/07\/foto8.jpg 1152w\" sizes=\"(max-width: 169px) 100vw, 169px\" \/><\/a><\/p>\n<p><strong>Dia 05 \u2013 Ciudad Real \u2013 Estepona \u2013 490km<\/strong><\/p>\n<p>Sa\u00edmos rumo \u00e0 Estepona, praia do Mar Mediterr\u00e2neo pr\u00f3xima a M\u00e1laga. Dia dif\u00edcil pelo cansa\u00e7o f\u00edsico associado a ventos fortes que balan\u00e7avam as motos beirando vales\u00a0que exigiam mais afinidade entre piloto e garupa e mais concentra\u00e7\u00e3o. Depois soubemos que as rajadas de vento chegaram a quase 80km\/h.<\/p>\n<p>Muitos trechos de curvas igualmente desafiantes, passamos mais de duas horas entre montanhas, dificuldades suavizadas pelas belas paisagens de campos de girass\u00f3is e cidades como Ronda, indescrit\u00edvel! Descemos a serra e j\u00e1 come\u00e7amos a comemorar&#8230; o Mediter\u00e2neo estava logo ali embaixo, s\u00f3 precis\u00e1vamos de mais alguns minutos. O GPS nos levou at\u00e9 a beira do mar, paramos as motos e seguimos para o ritual de jogar a \u00e1gua do Atl\u00e2ntico, que coletamos em Santander, nesse imenso mar azul chamado Mediterr\u00e2neo. Foi emocionante. Choramos todos como crian\u00e7as felizes.<\/p>\n<p><strong><em>!Desafio Dado, Desafio Aceito, Desafio Cumprido! <\/em><\/strong><\/p>\n<p>Sa\u00edmos do Atl\u00e2ntico chegamos no Mediterr\u00e2neo num rally fant\u00e1stico e desafiante: PuntAPunta<\/p>\n<p>Chegamos, sim chegamos\u00a0depois de nove horas na moto. Me senti vitoriosa, somos todos! Mais emo\u00e7\u00e3o ao sermos recebidos pelo staff da BMW Motorrad e recebermos nosso certificado Finisher PuntAPunta. Sensa\u00e7\u00e3o de dever cumprido.<\/p>\n<p>Para mim foi uma estreia e finalizei em grande estilo! Obrigada por essa oportunidade e at\u00e9 a pr\u00f3xima!<\/p>\n<p><a href=\"https:\/\/www.imtbike.com\/be\/wp-content\/uploads\/2017\/07\/foto9.jpg\" rel=\"attachment wp-att-11258\"><img decoding=\"async\" loading=\"lazy\" class=\"alignnone size-medium wp-image-11258\" src=\"https:\/\/www.imtbike.com\/be\/wp-content\/uploads\/2017\/07\/foto9-225x300.jpg\" alt=\"foto9\" width=\"225\" height=\"300\" srcset=\"https:\/\/www.imtbike.com\/be\/wp-content\/uploads\/2017\/07\/foto9-225x300.jpg 225w, https:\/\/www.imtbike.com\/be\/wp-content\/uploads\/2017\/07\/foto9-768x1024.jpg 768w, https:\/\/www.imtbike.com\/be\/wp-content\/uploads\/2017\/07\/foto9-1152x1536.jpg 1152w, https:\/\/www.imtbike.com\/be\/wp-content\/uploads\/2017\/07\/foto9.jpg 1536w\" sizes=\"(max-width: 225px) 100vw, 225px\" \/><\/a><\/p>\n<p>Alessandra Morais e Joabe Carneiro, clientes IMTBIKE de Salvador\/BAHIA\/Brasil<\/p>\n","protected":false},"excerpt":{"rendered":"<p><a href=\"https:\/\/www.imtbike.com\/be\/wp-content\/uploads\/2017\/07\/foto1-1.jpg\" rel=\"attachment wp-att-11250\"><img decoding=\"async\" loading=\"lazy\" class=\"alignnone size-medium wp-image-11250\" src=\"https:\/\/www.imtbike.com\/be\/wp-content\/uploads\/2017\/07\/foto1-1-300x199.jpg\" alt=\"foto1\" width=\"300\" height=\"199\" srcset=\"https:\/\/www.imtbike.com\/be\/wp-content\/uploads\/2017\/07\/foto1-1-300x199.jpg 300w, https:\/\/www.imtbike.com\/be\/wp-content\/uploads\/2017\/07\/foto1-1-1024x678.jpg 1024w, https:\/\/www.imtbike.com\/be\/wp-content\/uploads\/2017\/07\/foto1-1-768x509.jpg 768w, https:\/\/www.imtbike.com\/be\/wp-content\/uploads\/2017\/07\/foto1-1-1536x1017.jpg 1536w, https:\/\/www.imtbike.com\/be\/wp-content\/uploads\/2017\/07\/foto1-1-2048x1356.jpg 2048w\" sizes=\"(max-width: 300px) 100vw, 300px\" \/><\/a><\/p>\n<p>At\u00e9 ent\u00e3o, nunca tinha subido em uma motocicleta quando meu marido chegou com a id\u00e9ia: Desafio BMW PuntaAPunta, cruzando a Espanha do Atl\u00e2ntico ao Mediterr\u00e2neo em 3 dias.<\/p>\n<p> <a class=\"read-more\" href=\"https:\/\/www.imtbike.com\/pt-br\/blog\/desafio-dado-desafio-aceito\/\"> Read More<\/a><\/p>\n","protected":false},"author":16,"featured_media":0,"comment_status":"open","ping_status":"open","sticky":false,"template":"","format":"standard","meta":{"footnotes":"","_jetpack_memberships_contains_paid_content":false},"categories":[13],"tags":[],"acf":[],"yoast_head":"<!-- This site is optimized with the Yoast SEO plugin v22.6 - https:\/\/yoast.com\/wordpress\/plugins\/seo\/ -->\n<title>Desafio dado, desafio aceito. - IMTBike<\/title>\n<meta name=\"robots\" content=\"index, follow, max-snippet:-1, max-image-preview:large, max-video-preview:-1\" \/>\n<link rel=\"canonical\" href=\"https:\/\/www.imtbike.com\/blog\/desafio-dado-desafio-aceito\/\" \/>\n<meta property=\"og:locale\" content=\"pt_BR\" \/>\n<meta property=\"og:type\" content=\"article\" \/>\n<meta property=\"og:title\" content=\"Desafio dado, desafio aceito. - IMTBike\" \/>\n<meta property=\"og:description\" content=\"At\u00e9 ent\u00e3o, nunca tinha subido em uma motocicleta quando meu marido chegou com a id\u00e9ia: Desafio BMW PuntaAPunta, cruzando a Espanha do Atl\u00e2ntico ao Mediterr\u00e2neo em 3 dias. Read More\" \/>\n<meta property=\"og:url\" content=\"https:\/\/www.imtbike.com\/blog\/desafio-dado-desafio-aceito\/\" \/>\n<meta property=\"og:site_name\" content=\"IMTBike\" \/>\n<meta property=\"article:published_time\" content=\"2017-07-12T09:46:31+00:00\" \/>\n<meta property=\"og:image\" content=\"https:\/\/www.imtbike.com\/be\/wp-content\/uploads\/2017\/07\/foto1-1-300x199.jpg\" \/>\n<meta name=\"author\" content=\"Marina\" \/>\n<meta name=\"twitter:label1\" content=\"Written by\" \/>\n\t<meta name=\"twitter:data1\" content=\"Marina\" \/>\n\t<meta name=\"twitter:label2\" content=\"Est. reading time\" \/>\n\t<meta name=\"twitter:data2\" content=\"4 minutes\" \/>\n<script type=\"application\/ld+json\" class=\"yoast-schema-graph\">{\"@context\":\"https:\/\/schema.org\",\"@graph\":[{\"@type\":\"WebPage\",\"@id\":\"https:\/\/www.imtbike.com\/blog\/desafio-dado-desafio-aceito\/\",\"url\":\"https:\/\/www.imtbike.com\/blog\/desafio-dado-desafio-aceito\/\",\"name\":\"Desafio dado, desafio aceito. - IMTBike\",\"isPartOf\":{\"@id\":\"https:\/\/www.imtbike.com\/#website\"},\"primaryImageOfPage\":{\"@id\":\"https:\/\/www.imtbike.com\/blog\/desafio-dado-desafio-aceito\/#primaryimage\"},\"image\":{\"@id\":\"https:\/\/www.imtbike.com\/blog\/desafio-dado-desafio-aceito\/#primaryimage\"},\"thumbnailUrl\":\"https:\/\/www.imtbike.com\/be\/wp-content\/uploads\/2017\/07\/foto1-1-300x199.jpg\",\"datePublished\":\"2017-07-12T09:46:31+00:00\",\"dateModified\":\"2017-07-12T09:46:31+00:00\",\"author\":{\"@id\":\"https:\/\/www.imtbike.com\/#\/schema\/person\/ee86f94d59af72a09fd4d780e75d3db9\"},\"breadcrumb\":{\"@id\":\"https:\/\/www.imtbike.com\/blog\/desafio-dado-desafio-aceito\/#breadcrumb\"},\"inLanguage\":\"pt-BR\",\"potentialAction\":[{\"@type\":\"ReadAction\",\"target\":[\"https:\/\/www.imtbike.com\/blog\/desafio-dado-desafio-aceito\/\"]}]},{\"@type\":\"ImageObject\",\"inLanguage\":\"pt-BR\",\"@id\":\"https:\/\/www.imtbike.com\/blog\/desafio-dado-desafio-aceito\/#primaryimage\",\"url\":\"https:\/\/www.imtbike.com\/be\/wp-content\/uploads\/2017\/07\/foto1-1-300x199.jpg\",\"contentUrl\":\"https:\/\/www.imtbike.com\/be\/wp-content\/uploads\/2017\/07\/foto1-1-300x199.jpg\"},{\"@type\":\"BreadcrumbList\",\"@id\":\"https:\/\/www.imtbike.com\/blog\/desafio-dado-desafio-aceito\/#breadcrumb\",\"itemListElement\":[{\"@type\":\"ListItem\",\"position\":1,\"name\":\"Home\",\"item\":\"https:\/\/www.imtbike.com\/\"},{\"@type\":\"ListItem\",\"position\":2,\"name\":\"Desafio dado, desafio aceito.\"}]},{\"@type\":\"WebSite\",\"@id\":\"https:\/\/www.imtbike.com\/#website\",\"url\":\"https:\/\/www.imtbike.com\/\",\"name\":\"IMTBike\",\"description\":\"Passion for Motorcycling\",\"potentialAction\":[{\"@type\":\"SearchAction\",\"target\":{\"@type\":\"EntryPoint\",\"urlTemplate\":\"https:\/\/www.imtbike.com\/?s={search_term_string}\"},\"query-input\":\"required name=search_term_string\"}],\"inLanguage\":\"pt-BR\"},{\"@type\":\"Person\",\"@id\":\"https:\/\/www.imtbike.com\/#\/schema\/person\/ee86f94d59af72a09fd4d780e75d3db9\",\"name\":\"Marina\",\"image\":{\"@type\":\"ImageObject\",\"inLanguage\":\"pt-BR\",\"@id\":\"https:\/\/www.imtbike.com\/#\/schema\/person\/image\/\",\"url\":\"https:\/\/secure.gravatar.com\/avatar\/79a6604db85b325c6276d8fde2718f63?s=96&d=mm&r=g\",\"contentUrl\":\"https:\/\/secure.gravatar.com\/avatar\/79a6604db85b325c6276d8fde2718f63?s=96&d=mm&r=g\",\"caption\":\"Marina\"},\"url\":\"https:\/\/www.imtbike.com\/pt-br\/author\/imtbikemarina\/\"}]}<\/script>\n<!-- \/ Yoast SEO plugin. -->","yoast_head_json":{"title":"Desafio dado, desafio aceito. - IMTBike","robots":{"index":"index","follow":"follow","max-snippet":"max-snippet:-1","max-image-preview":"max-image-preview:large","max-video-preview":"max-video-preview:-1"},"canonical":"https:\/\/www.imtbike.com\/blog\/desafio-dado-desafio-aceito\/","og_locale":"pt_BR","og_type":"article","og_title":"Desafio dado, desafio aceito. - IMTBike","og_description":"At\u00e9 ent\u00e3o, nunca tinha subido em uma motocicleta quando meu marido chegou com a id\u00e9ia: Desafio BMW PuntaAPunta, cruzando a Espanha do Atl\u00e2ntico ao Mediterr\u00e2neo em 3 dias. Read More","og_url":"https:\/\/www.imtbike.com\/blog\/desafio-dado-desafio-aceito\/","og_site_name":"IMTBike","article_published_time":"2017-07-12T09:46:31+00:00","og_image":[{"url":"https:\/\/www.imtbike.com\/be\/wp-content\/uploads\/2017\/07\/foto1-1-300x199.jpg"}],"author":"Marina","twitter_misc":{"Written by":"Marina","Est. reading time":"4 minutes"},"schema":{"@context":"https:\/\/schema.org","@graph":[{"@type":"WebPage","@id":"https:\/\/www.imtbike.com\/blog\/desafio-dado-desafio-aceito\/","url":"https:\/\/www.imtbike.com\/blog\/desafio-dado-desafio-aceito\/","name":"Desafio dado, desafio aceito. - IMTBike","isPartOf":{"@id":"https:\/\/www.imtbike.com\/#website"},"primaryImageOfPage":{"@id":"https:\/\/www.imtbike.com\/blog\/desafio-dado-desafio-aceito\/#primaryimage"},"image":{"@id":"https:\/\/www.imtbike.com\/blog\/desafio-dado-desafio-aceito\/#primaryimage"},"thumbnailUrl":"https:\/\/www.imtbike.com\/be\/wp-content\/uploads\/2017\/07\/foto1-1-300x199.jpg","datePublished":"2017-07-12T09:46:31+00:00","dateModified":"2017-07-12T09:46:31+00:00","author":{"@id":"https:\/\/www.imtbike.com\/#\/schema\/person\/ee86f94d59af72a09fd4d780e75d3db9"},"breadcrumb":{"@id":"https:\/\/www.imtbike.com\/blog\/desafio-dado-desafio-aceito\/#breadcrumb"},"inLanguage":"pt-BR","potentialAction":[{"@type":"ReadAction","target":["https:\/\/www.imtbike.com\/blog\/desafio-dado-desafio-aceito\/"]}]},{"@type":"ImageObject","inLanguage":"pt-BR","@id":"https:\/\/www.imtbike.com\/blog\/desafio-dado-desafio-aceito\/#primaryimage","url":"https:\/\/www.imtbike.com\/be\/wp-content\/uploads\/2017\/07\/foto1-1-300x199.jpg","contentUrl":"https:\/\/www.imtbike.com\/be\/wp-content\/uploads\/2017\/07\/foto1-1-300x199.jpg"},{"@type":"BreadcrumbList","@id":"https:\/\/www.imtbike.com\/blog\/desafio-dado-desafio-aceito\/#breadcrumb","itemListElement":[{"@type":"ListItem","position":1,"name":"Home","item":"https:\/\/www.imtbike.com\/"},{"@type":"ListItem","position":2,"name":"Desafio dado, desafio aceito."}]},{"@type":"WebSite","@id":"https:\/\/www.imtbike.com\/#website","url":"https:\/\/www.imtbike.com\/","name":"IMTBike","description":"Passion for Motorcycling","potentialAction":[{"@type":"SearchAction","target":{"@type":"EntryPoint","urlTemplate":"https:\/\/www.imtbike.com\/?s={search_term_string}"},"query-input":"required name=search_term_string"}],"inLanguage":"pt-BR"},{"@type":"Person","@id":"https:\/\/www.imtbike.com\/#\/schema\/person\/ee86f94d59af72a09fd4d780e75d3db9","name":"Marina","image":{"@type":"ImageObject","inLanguage":"pt-BR","@id":"https:\/\/www.imtbike.com\/#\/schema\/person\/image\/","url":"https:\/\/secure.gravatar.com\/avatar\/79a6604db85b325c6276d8fde2718f63?s=96&d=mm&r=g","contentUrl":"https:\/\/secure.gravatar.com\/avatar\/79a6604db85b325c6276d8fde2718f63?s=96&d=mm&r=g","caption":"Marina"},"url":"https:\/\/www.imtbike.com\/pt-br\/author\/imtbikemarina\/"}]}},"jetpack_sharing_enabled":true,"jetpack_featured_media_url":"","_links":{"self":[{"href":"https:\/\/www.imtbike.com\/pt-br\/wp-json\/wp\/v2\/posts\/11248"}],"collection":[{"href":"https:\/\/www.imtbike.com\/pt-br\/wp-json\/wp\/v2\/posts"}],"about":[{"href":"https:\/\/www.imtbike.com\/pt-br\/wp-json\/wp\/v2\/types\/post"}],"author":[{"embeddable":true,"href":"https:\/\/www.imtbike.com\/pt-br\/wp-json\/wp\/v2\/users\/16"}],"replies":[{"embeddable":true,"href":"https:\/\/www.imtbike.com\/pt-br\/wp-json\/wp\/v2\/comments?post=11248"}],"version-history":[{"count":0,"href":"https:\/\/www.imtbike.com\/pt-br\/wp-json\/wp\/v2\/posts\/11248\/revisions"}],"wp:attachment":[{"href":"https:\/\/www.imtbike.com\/pt-br\/wp-json\/wp\/v2\/media?parent=11248"}],"wp:term":[{"taxonomy":"category","embeddable":true,"href":"https:\/\/www.imtbike.com\/pt-br\/wp-json\/wp\/v2\/categories?post=11248"},{"taxonomy":"post_tag","embeddable":true,"href":"https:\/\/www.imtbike.com\/pt-br\/wp-json\/wp\/v2\/tags?post=11248"}],"curies":[{"name":"wp","href":"https:\/\/api.w.org\/{rel}","templated":true}]}}