{"id":11215,"date":"2017-06-21T06:15:10","date_gmt":"2017-06-21T10:15:10","guid":{"rendered":"https:\/\/www.imtbike.com\/?p=11215"},"modified":"2017-06-21T06:31:30","modified_gmt":"2017-06-21T10:31:30","slug":"como-se-planeja-um-roteiro-de-viagem-em-moto","status":"publish","type":"post","link":"https:\/\/www.imtbike.com\/pt-br\/blog\/como-se-planeja-um-roteiro-de-viagem-em-moto\/","title":{"rendered":"Como se planeja um roteiro de viagem em moto?"},"content":{"rendered":"<p>&nbsp;<\/p>\n<p>As rotas\u00a0 que oferecidas pela IMTBIKE s\u00e3o desenhadas profissionalmente por jornalistas de motos que incluem o veterano Mart\u00edn Cebrian, editor de turismo da revista MOTOCICLISMO que com os seus mais de 30 anos de experi\u00eancia tamb\u00e9m trabalhou como jornalista para a revista LA MOTO e MOTOS.net, referencias importantes na Espanha. Nossas rotas s\u00e3o constantemente inspecionadas, revisadas e atualizadas para ter a certeza que sempre poder\u00e1 desfrutar das melhores estradas para motos nos pa\u00edses onde fazemos tours.<\/p>\n<p><a href=\"https:\/\/www.imtbike.com\/pt-br\/calendario\/\">Clique aqui<\/a> e conhe\u00e7a as melhores rotas IMTBIKE<\/p>\n<p><a href=\"https:\/\/www.imtbike.com\/be\/wp-content\/uploads\/2014\/07\/day-2.gif\" rel=\"attachment wp-att-11113\"><img decoding=\"async\" loading=\"lazy\" class=\"alignnone size-medium wp-image-11113\" src=\"https:\/\/www.imtbike.com\/be\/wp-content\/uploads\/2014\/07\/day-2-300x216.gif\" alt=\"Day-2 Serpentine Sardinia\" width=\"300\" height=\"216\" \/><\/a><\/p>\n<h3>Frota BMW totalmente equipada. E sempre renovada.<\/h3>\n<p>A IMTBIKE tem a maior frota de motos BMW totalmente equipadas da Europa com mais de 170 motos nos seus 8 centros de aluguel. A frota \u00e9 renovada cada ano e meio (18 meses) para que voc\u00ea pilote sempre uma moto com poucos quil\u00f3metros e em perfeitas condi\u00e7\u00f5es. Todas as nossas motos est\u00e3o equipadas com duas malas laterais BMW e um topcase com encosto almofadado para que o seu passageiro esteja confort\u00e1vel no seu tour ou aluguel. O programa de manuten\u00e7\u00e3o IMTBIKE inclui inspe\u00e7\u00f5es por mec\u00e2nicos da BMW antes de sair para a estrada. Seguran\u00e7a sempre.<\/p>\n<p>Escolha e reserve sua moto BMW <a href=\"https:\/\/www.imtbike.com\/pt-br\/alugel-motos-espanha-portugal\/\">aqui<\/a><\/p>\n<p><a href=\"https:\/\/www.imtbike.com\/be\/wp-content\/uploads\/2017\/06\/rentalmadrid.gif\" rel=\"attachment wp-att-11216\"><img decoding=\"async\" loading=\"lazy\" class=\"alignnone size-medium wp-image-11216\" src=\"https:\/\/www.imtbike.com\/be\/wp-content\/uploads\/2017\/06\/rentalmadrid-300x225.gif\" alt=\"rentalmadrid\" width=\"300\" height=\"225\" srcset=\"https:\/\/www.imtbike.com\/be\/wp-content\/uploads\/2017\/06\/rentalmadrid-300x225.gif 300w, https:\/\/www.imtbike.com\/be\/wp-content\/uploads\/2017\/06\/rentalmadrid-768x576.gif 768w\" sizes=\"(max-width: 300px) 100vw, 300px\" \/><\/a><\/p>\n<h3><\/h3>\n","protected":false},"excerpt":{"rendered":"<p>&nbsp;<\/p>\n<p>As rotas\u00a0 que oferecidas pela IMTBIKE s\u00e3o desenhadas profissionalmente por jornalistas de motos que incluem o veterano Mart\u00edn Cebrian, editor de turismo da revista MOTOCICLISMO que com os seus mais de 30 anos de experi\u00eancia tamb\u00e9m trabalhou como jornalista para a revista LA MOTO e MOTOS.net,<\/p>\n<p> <a class=\"read-more\" href=\"https:\/\/www.imtbike.com\/pt-br\/blog\/como-se-planeja-um-roteiro-de-viagem-em-moto\/\"> Read More<\/a><\/p>\n","protected":false},"author":16,"featured_media":0,"comment_status":"open","ping_status":"open","sticky":false,"template":"","format":"standard","meta":{"footnotes":"","_jetpack_memberships_contains_paid_content":false},"categories":[13],"tags":[],"acf":[],"yoast_head":"<!-- This site is optimized with the Yoast SEO plugin v22.6 - https:\/\/yoast.com\/wordpress\/plugins\/seo\/ -->\n<title>Como se planeja um roteiro de viagem em moto? - IMTBike<\/title>\n<meta name=\"robots\" content=\"index, follow, max-snippet:-1, max-image-preview:large, max-video-preview:-1\" \/>\n<link rel=\"canonical\" href=\"https:\/\/www.imtbike.com\/blog\/como-se-planeja-um-roteiro-de-viagem-em-moto\/\" \/>\n<meta property=\"og:locale\" content=\"pt_BR\" \/>\n<meta property=\"og:type\" content=\"article\" \/>\n<meta property=\"og:title\" content=\"Como se planeja um roteiro de viagem em moto? - IMTBike\" \/>\n<meta property=\"og:description\" content=\"&nbsp; As rotas\u00a0 que oferecidas pela IMTBIKE s\u00e3o desenhadas profissionalmente por jornalistas de motos que incluem o veterano Mart\u00edn Cebrian, editor de turismo da revista MOTOCICLISMO que com os seus mais de 30 anos de experi\u00eancia tamb\u00e9m trabalhou como jornalista para a revista LA MOTO e MOTOS.net, Read More\" \/>\n<meta property=\"og:url\" content=\"https:\/\/www.imtbike.com\/blog\/como-se-planeja-um-roteiro-de-viagem-em-moto\/\" \/>\n<meta property=\"og:site_name\" content=\"IMTBike\" \/>\n<meta property=\"article:published_time\" content=\"2017-06-21T10:15:10+00:00\" \/>\n<meta property=\"article:modified_time\" content=\"2017-06-21T10:31:30+00:00\" \/>\n<meta property=\"og:image\" content=\"https:\/\/www.imtbike.com\/be\/wp-content\/uploads\/2014\/07\/day-2-300x216.gif\" \/>\n<meta name=\"author\" content=\"Marina\" \/>\n<meta name=\"twitter:label1\" content=\"Written by\" \/>\n\t<meta name=\"twitter:data1\" content=\"Marina\" \/>\n\t<meta name=\"twitter:label2\" content=\"Est. reading time\" \/>\n\t<meta name=\"twitter:data2\" content=\"1 minute\" \/>\n<script type=\"application\/ld+json\" class=\"yoast-schema-graph\">{\"@context\":\"https:\/\/schema.org\",\"@graph\":[{\"@type\":\"WebPage\",\"@id\":\"https:\/\/www.imtbike.com\/blog\/como-se-planeja-um-roteiro-de-viagem-em-moto\/\",\"url\":\"https:\/\/www.imtbike.com\/blog\/como-se-planeja-um-roteiro-de-viagem-em-moto\/\",\"name\":\"Como se planeja um roteiro de viagem em moto? - IMTBike\",\"isPartOf\":{\"@id\":\"https:\/\/www.imtbike.com\/#website\"},\"primaryImageOfPage\":{\"@id\":\"https:\/\/www.imtbike.com\/blog\/como-se-planeja-um-roteiro-de-viagem-em-moto\/#primaryimage\"},\"image\":{\"@id\":\"https:\/\/www.imtbike.com\/blog\/como-se-planeja-um-roteiro-de-viagem-em-moto\/#primaryimage\"},\"thumbnailUrl\":\"https:\/\/www.imtbike.com\/be\/wp-content\/uploads\/2014\/07\/day-2-300x216.gif\",\"datePublished\":\"2017-06-21T10:15:10+00:00\",\"dateModified\":\"2017-06-21T10:31:30+00:00\",\"author\":{\"@id\":\"https:\/\/www.imtbike.com\/#\/schema\/person\/ee86f94d59af72a09fd4d780e75d3db9\"},\"breadcrumb\":{\"@id\":\"https:\/\/www.imtbike.com\/blog\/como-se-planeja-um-roteiro-de-viagem-em-moto\/#breadcrumb\"},\"inLanguage\":\"pt-BR\",\"potentialAction\":[{\"@type\":\"ReadAction\",\"target\":[\"https:\/\/www.imtbike.com\/blog\/como-se-planeja-um-roteiro-de-viagem-em-moto\/\"]}]},{\"@type\":\"ImageObject\",\"inLanguage\":\"pt-BR\",\"@id\":\"https:\/\/www.imtbike.com\/blog\/como-se-planeja-um-roteiro-de-viagem-em-moto\/#primaryimage\",\"url\":\"https:\/\/www.imtbike.com\/be\/wp-content\/uploads\/2014\/07\/day-2-300x216.gif\",\"contentUrl\":\"https:\/\/www.imtbike.com\/be\/wp-content\/uploads\/2014\/07\/day-2-300x216.gif\"},{\"@type\":\"BreadcrumbList\",\"@id\":\"https:\/\/www.imtbike.com\/blog\/como-se-planeja-um-roteiro-de-viagem-em-moto\/#breadcrumb\",\"itemListElement\":[{\"@type\":\"ListItem\",\"position\":1,\"name\":\"Home\",\"item\":\"https:\/\/www.imtbike.com\/\"},{\"@type\":\"ListItem\",\"position\":2,\"name\":\"Como se planeja um roteiro de viagem em moto?\"}]},{\"@type\":\"WebSite\",\"@id\":\"https:\/\/www.imtbike.com\/#website\",\"url\":\"https:\/\/www.imtbike.com\/\",\"name\":\"IMTBike\",\"description\":\"Passion for Motorcycling\",\"potentialAction\":[{\"@type\":\"SearchAction\",\"target\":{\"@type\":\"EntryPoint\",\"urlTemplate\":\"https:\/\/www.imtbike.com\/?s={search_term_string}\"},\"query-input\":\"required name=search_term_string\"}],\"inLanguage\":\"pt-BR\"},{\"@type\":\"Person\",\"@id\":\"https:\/\/www.imtbike.com\/#\/schema\/person\/ee86f94d59af72a09fd4d780e75d3db9\",\"name\":\"Marina\",\"image\":{\"@type\":\"ImageObject\",\"inLanguage\":\"pt-BR\",\"@id\":\"https:\/\/www.imtbike.com\/#\/schema\/person\/image\/\",\"url\":\"https:\/\/secure.gravatar.com\/avatar\/79a6604db85b325c6276d8fde2718f63?s=96&d=mm&r=g\",\"contentUrl\":\"https:\/\/secure.gravatar.com\/avatar\/79a6604db85b325c6276d8fde2718f63?s=96&d=mm&r=g\",\"caption\":\"Marina\"},\"url\":\"https:\/\/www.imtbike.com\/pt-br\/author\/imtbikemarina\/\"}]}<\/script>\n<!-- \/ Yoast SEO plugin. -->","yoast_head_json":{"title":"Como se planeja um roteiro de viagem em moto? - IMTBike","robots":{"index":"index","follow":"follow","max-snippet":"max-snippet:-1","max-image-preview":"max-image-preview:large","max-video-preview":"max-video-preview:-1"},"canonical":"https:\/\/www.imtbike.com\/blog\/como-se-planeja-um-roteiro-de-viagem-em-moto\/","og_locale":"pt_BR","og_type":"article","og_title":"Como se planeja um roteiro de viagem em moto? - IMTBike","og_description":"&nbsp; As rotas\u00a0 que oferecidas pela IMTBIKE s\u00e3o desenhadas profissionalmente por jornalistas de motos que incluem o veterano Mart\u00edn Cebrian, editor de turismo da revista MOTOCICLISMO que com os seus mais de 30 anos de experi\u00eancia tamb\u00e9m trabalhou como jornalista para a revista LA MOTO e MOTOS.net, Read More","og_url":"https:\/\/www.imtbike.com\/blog\/como-se-planeja-um-roteiro-de-viagem-em-moto\/","og_site_name":"IMTBike","article_published_time":"2017-06-21T10:15:10+00:00","article_modified_time":"2017-06-21T10:31:30+00:00","og_image":[{"url":"https:\/\/www.imtbike.com\/be\/wp-content\/uploads\/2014\/07\/day-2-300x216.gif"}],"author":"Marina","twitter_misc":{"Written by":"Marina","Est. reading time":"1 minute"},"schema":{"@context":"https:\/\/schema.org","@graph":[{"@type":"WebPage","@id":"https:\/\/www.imtbike.com\/blog\/como-se-planeja-um-roteiro-de-viagem-em-moto\/","url":"https:\/\/www.imtbike.com\/blog\/como-se-planeja-um-roteiro-de-viagem-em-moto\/","name":"Como se planeja um roteiro de viagem em moto? - IMTBike","isPartOf":{"@id":"https:\/\/www.imtbike.com\/#website"},"primaryImageOfPage":{"@id":"https:\/\/www.imtbike.com\/blog\/como-se-planeja-um-roteiro-de-viagem-em-moto\/#primaryimage"},"image":{"@id":"https:\/\/www.imtbike.com\/blog\/como-se-planeja-um-roteiro-de-viagem-em-moto\/#primaryimage"},"thumbnailUrl":"https:\/\/www.imtbike.com\/be\/wp-content\/uploads\/2014\/07\/day-2-300x216.gif","datePublished":"2017-06-21T10:15:10+00:00","dateModified":"2017-06-21T10:31:30+00:00","author":{"@id":"https:\/\/www.imtbike.com\/#\/schema\/person\/ee86f94d59af72a09fd4d780e75d3db9"},"breadcrumb":{"@id":"https:\/\/www.imtbike.com\/blog\/como-se-planeja-um-roteiro-de-viagem-em-moto\/#breadcrumb"},"inLanguage":"pt-BR","potentialAction":[{"@type":"ReadAction","target":["https:\/\/www.imtbike.com\/blog\/como-se-planeja-um-roteiro-de-viagem-em-moto\/"]}]},{"@type":"ImageObject","inLanguage":"pt-BR","@id":"https:\/\/www.imtbike.com\/blog\/como-se-planeja-um-roteiro-de-viagem-em-moto\/#primaryimage","url":"https:\/\/www.imtbike.com\/be\/wp-content\/uploads\/2014\/07\/day-2-300x216.gif","contentUrl":"https:\/\/www.imtbike.com\/be\/wp-content\/uploads\/2014\/07\/day-2-300x216.gif"},{"@type":"BreadcrumbList","@id":"https:\/\/www.imtbike.com\/blog\/como-se-planeja-um-roteiro-de-viagem-em-moto\/#breadcrumb","itemListElement":[{"@type":"ListItem","position":1,"name":"Home","item":"https:\/\/www.imtbike.com\/"},{"@type":"ListItem","position":2,"name":"Como se planeja um roteiro de viagem em moto?"}]},{"@type":"WebSite","@id":"https:\/\/www.imtbike.com\/#website","url":"https:\/\/www.imtbike.com\/","name":"IMTBike","description":"Passion for Motorcycling","potentialAction":[{"@type":"SearchAction","target":{"@type":"EntryPoint","urlTemplate":"https:\/\/www.imtbike.com\/?s={search_term_string}"},"query-input":"required name=search_term_string"}],"inLanguage":"pt-BR"},{"@type":"Person","@id":"https:\/\/www.imtbike.com\/#\/schema\/person\/ee86f94d59af72a09fd4d780e75d3db9","name":"Marina","image":{"@type":"ImageObject","inLanguage":"pt-BR","@id":"https:\/\/www.imtbike.com\/#\/schema\/person\/image\/","url":"https:\/\/secure.gravatar.com\/avatar\/79a6604db85b325c6276d8fde2718f63?s=96&d=mm&r=g","contentUrl":"https:\/\/secure.gravatar.com\/avatar\/79a6604db85b325c6276d8fde2718f63?s=96&d=mm&r=g","caption":"Marina"},"url":"https:\/\/www.imtbike.com\/pt-br\/author\/imtbikemarina\/"}]}},"jetpack_sharing_enabled":true,"jetpack_featured_media_url":"","_links":{"self":[{"href":"https:\/\/www.imtbike.com\/pt-br\/wp-json\/wp\/v2\/posts\/11215"}],"collection":[{"href":"https:\/\/www.imtbike.com\/pt-br\/wp-json\/wp\/v2\/posts"}],"about":[{"href":"https:\/\/www.imtbike.com\/pt-br\/wp-json\/wp\/v2\/types\/post"}],"author":[{"embeddable":true,"href":"https:\/\/www.imtbike.com\/pt-br\/wp-json\/wp\/v2\/users\/16"}],"replies":[{"embeddable":true,"href":"https:\/\/www.imtbike.com\/pt-br\/wp-json\/wp\/v2\/comments?post=11215"}],"version-history":[{"count":0,"href":"https:\/\/www.imtbike.com\/pt-br\/wp-json\/wp\/v2\/posts\/11215\/revisions"}],"wp:attachment":[{"href":"https:\/\/www.imtbike.com\/pt-br\/wp-json\/wp\/v2\/media?parent=11215"}],"wp:term":[{"taxonomy":"category","embeddable":true,"href":"https:\/\/www.imtbike.com\/pt-br\/wp-json\/wp\/v2\/categories?post=11215"},{"taxonomy":"post_tag","embeddable":true,"href":"https:\/\/www.imtbike.com\/pt-br\/wp-json\/wp\/v2\/tags?post=11215"}],"curies":[{"name":"wp","href":"https:\/\/api.w.org\/{rel}","templated":true}]}}